{"id":2104,"date":"2019-07-29T12:40:24","date_gmt":"2019-07-29T10:40:24","guid":{"rendered":"https:\/\/joieinterieure.com\/?p=2104"},"modified":"2020-01-09T20:41:35","modified_gmt":"2020-01-09T19:41:35","slug":"eau-memoire-energies-subtils","status":"publish","type":"post","link":"https:\/\/joieinterieure.com\/index.php\/2019\/07\/29\/eau-memoire-energies-subtils\/","title":{"rendered":"Le pouvoir de l&rsquo;eau?"},"content":{"rendered":"\n<style type=\"text\/css\" data-created_by=\"avia_inline_auto\" id=\"style-css-av-jpvaa0mm-2cafecb3b3b336b95384f7ff3e1df47b\">\n.avia-section.av-jpvaa0mm-2cafecb3b3b336b95384f7ff3e1df47b .av-parallax .av-parallax-inner{\nbackground-repeat:no-repeat;\nbackground-image:url(https:\/\/joieinterieure.com\/wp-content\/uploads\/2019\/07\/jong-marshes-79mNMAvSORg-unsplash-1030x773.jpg);\nbackground-position:50% 100%;\nbackground-attachment:scroll;\n}\n<\/style>\n<div id='av_section_1'  class='avia-section av-jpvaa0mm-2cafecb3b3b336b95384f7ff3e1df47b main_color avia-section-default avia-no-border-styling  avia-builder-el-0  el_before_av_one_full  avia-builder-el-first  avia-full-stretch av-parallax-section avia-bg-style-parallax  container_wrap fullsize'  data-section-bg-repeat='stretch'><div class='av-parallax' data-avia-parallax-ratio='0.3' ><div class='av-parallax-inner main_color avia-full-stretch'><\/div><\/div><div class='container av-section-cont-open' ><main  role=\"main\" itemprop=\"mainContentOfPage\"  class='template-page content  av-content-full alpha units'><div class='post-entry post-entry-type-page post-entry-2104'><div class='entry-content-wrapper clearfix'>\n\n<style type=\"text\/css\" data-created_by=\"avia_inline_auto\" id=\"style-css-av-jpvacthg-ae6ca640a8795486d1cefce423cf8102\">\n#top .hr.hr-invisible.av-jpvacthg-ae6ca640a8795486d1cefce423cf8102{\nheight:50px;\n}\n<\/style>\n<div  class='hr av-jpvacthg-ae6ca640a8795486d1cefce423cf8102 hr-invisible  avia-builder-el-1  el_before_av_textblock  avia-builder-el-first  '><span class='hr-inner '><span class=\"hr-inner-style\"><\/span><\/span><\/div>\n<section class=\"av_textblock_section \"  itemscope=\"itemscope\" itemtype=\"https:\/\/schema.org\/BlogPosting\" itemprop=\"blogPost\" ><div class='avia_textblock  '   itemprop=\"text\" ><h1 style=\"text-align: center;\"><span style=\"color: #ffffff;\">Le pouvoir de l&rsquo;eau<\/span><\/h1>\n<\/div><\/section>\n\n<style type=\"text\/css\" data-created_by=\"avia_inline_auto\" id=\"style-css-av-jpvacthg-ae6ca640a8795486d1cefce423cf8102\">\n#top .hr.hr-invisible.av-jpvacthg-ae6ca640a8795486d1cefce423cf8102{\nheight:50px;\n}\n<\/style>\n<div  class='hr av-jpvacthg-ae6ca640a8795486d1cefce423cf8102 hr-invisible  avia-builder-el-3  el_after_av_textblock  avia-builder-el-last  '><span class='hr-inner '><span class=\"hr-inner-style\"><\/span><\/span><\/div>\n<\/div><\/div><\/main><!-- close content main element --><\/div><\/div><div id='after_section_1'  class='main_color av_default_container_wrap container_wrap fullsize'  ><div class='container av-section-cont-open' ><div class='template-page content  av-content-full alpha units'><div class='post-entry post-entry-type-page post-entry-2104'><div class='entry-content-wrapper clearfix'>\n\n<style type=\"text\/css\" data-created_by=\"avia_inline_auto\" id=\"style-css-av-kfdt6g-f422feebed70418fb3af5f2f7be1162b\">\n.flex_column.av-kfdt6g-f422feebed70418fb3af5f2f7be1162b{\nborder-radius:0px 0px 0px 0px;\n-webkit-border-radius:0px 0px 0px 0px;\n-moz-border-radius:0px 0px 0px 0px;\n}\n<\/style>\n<div class='flex_column av-kfdt6g-f422feebed70418fb3af5f2f7be1162b av_one_full  avia-builder-el-4  el_after_av_section  el_before_av_hr  avia-builder-el-first  first flex_column_div av-zero-column-padding '   ><section class=\"av_textblock_section \"  itemscope=\"itemscope\" itemtype=\"https:\/\/schema.org\/BlogPosting\" itemprop=\"blogPost\" ><div class='avia_textblock  '   itemprop=\"text\" ><h3 style=\"text-align: center;\"><strong>L\u2019Eau &#8230;<\/strong><\/h3>\n<p style=\"text-align: center;\"><strong>La vie<\/strong> sur terre s\u2019est <strong>d\u00e9velopp\u00e9e dans les fonds marin<\/strong>s qui ont permis l\u2019<strong>\u00e9mergence<\/strong> des premiers organismes <strong>cellulaires<\/strong>.<\/p>\n<p style=\"text-align: center;\"><strong>75%<\/strong> <strong>de notre corps est constitu\u00e9 d\u2019eau<\/strong>, mais si l\u2019on raisonne non pas en volumes mais en cellules\u00a0: <strong>99% d\u2019eau<\/strong> est <strong>pr\u00e9sente dans les mol\u00e9cules de nos cellules<\/strong>\u2026<\/p>\n<p style=\"text-align: center;\">On peut survivre plus de 10 jours sans manger, mais pas \u00a0plus de 3 jours sans boire.<\/p>\n<p style=\"text-align: center;\">La<strong> qualit\u00e9<\/strong> de l\u2019eau que nous absorbons est un <strong>\u00e9l\u00e9ment majeur<\/strong> de notre bonne <strong>sant\u00e9<\/strong> et de notre <strong>bien-\u00eatre<\/strong>. L\u2019eau est notre premier aliment.<\/p>\n<p style=\"text-align: center;\"><strong>L\u2019eau est une \u00e9nergie<\/strong>, elle est sensible aux \u00e9nergies subtiles. Elle sent et ressent les informations autour d\u2019elle. <strong>Elle porte en elle des informations.<\/strong><\/p>\n<\/div><\/section><\/div>\n<div  class='hr av-lh5ew-be0eabfaf494cb5f636d490b15ee7908 hr-default  avia-builder-el-6  el_after_av_one_full  el_before_av_one_third  '><span class='hr-inner '><span class=\"hr-inner-style\"><\/span><\/span><\/div>\n\n<style type=\"text\/css\" data-created_by=\"avia_inline_auto\" id=\"style-css-av-idxrzs-4705307151c066c23962df38f36df064\">\n.flex_column.av-idxrzs-4705307151c066c23962df38f36df064{\nborder-radius:0px 0px 0px 0px;\n-webkit-border-radius:0px 0px 0px 0px;\n-moz-border-radius:0px 0px 0px 0px;\n}\n<\/style>\n<div class='flex_column av-idxrzs-4705307151c066c23962df38f36df064 av_one_third  avia-builder-el-7  el_after_av_hr  el_before_av_one_third  first flex_column_div av-zero-column-padding '   ><section class=\"av_textblock_section \"  itemscope=\"itemscope\" itemtype=\"https:\/\/schema.org\/BlogPosting\" itemprop=\"blogPost\" ><div class='avia_textblock  '   itemprop=\"text\" ><h3 style=\"text-align: center;\"><strong>Les Recherches du Professeur Emoto au Japon sur la m\u00e9moire de l&rsquo;eau:<\/strong><\/h3>\n<p style=\"text-align: center;\">Le chercheur Japonnais <strong>Emoto<\/strong> a effectu\u00e9 de nombreuses <strong>recherches sur la m\u00e9moire de l\u2019eau<\/strong>.<\/p>\n<p style=\"text-align: center;\">Il <strong>a prouv\u00e9<\/strong> que l<strong>\u2019eau r\u00e9agit<\/strong> <strong>aux sentiment<\/strong>s, <strong>\u00e0 la musique<\/strong>, aux images, <strong>aux pri\u00e8re<\/strong>s qui l\u2019entoure.<\/p>\n<p style=\"text-align: center;\">Pour se faire <strong>il cong\u00e8le des gouttes d\u2019eau \u00e0 -30\u00b0<\/strong> durant 3 heures qui ont \u00e9t\u00e9 toutes influenc\u00e9 par diff\u00e9rentes musiques, images etc. Puis il les analyse au microscope.<\/p>\n<p style=\"text-align: center;\">Les photos-cristallisation issues de ses recherches parlent d\u2019elle-m\u00eame.<\/p>\n<p style=\"text-align: center;\"><strong>Voici 2 exemples de photo-cristallisation.<\/strong><\/p>\n<p style=\"text-align: center;\">\n<\/div><\/section><\/div>\n\n<style type=\"text\/css\" data-created_by=\"avia_inline_auto\" id=\"style-css-av-hxmpqg-0285dfb8249eef5d99bdc046c056c8aa\">\n.flex_column.av-hxmpqg-0285dfb8249eef5d99bdc046c056c8aa{\nborder-radius:0px 0px 0px 0px;\n-webkit-border-radius:0px 0px 0px 0px;\n-moz-border-radius:0px 0px 0px 0px;\n}\n<\/style>\n<div class='flex_column av-hxmpqg-0285dfb8249eef5d99bdc046c056c8aa av_one_third  avia-builder-el-9  el_after_av_one_third  el_before_av_one_third  flex_column_div av-zero-column-padding '   ><section class=\"av_textblock_section \"  itemscope=\"itemscope\" itemtype=\"https:\/\/schema.org\/BlogPosting\" itemprop=\"blogPost\" ><div class='avia_textblock  '   itemprop=\"text\" ><p style=\"text-align: center;\">L\u2019effet de la musique de Mozart sur l\u2019eau :<\/p>\n<\/div><\/section><br \/>\n\n<style type=\"text\/css\" data-created_by=\"avia_inline_auto\" id=\"style-css-av-jyo8crfn-fb7dfe27b9ea837f8000b2094589a2c4\">\n.avia-image-container.av-jyo8crfn-fb7dfe27b9ea837f8000b2094589a2c4 .av-image-caption-overlay-center{\ncolor:#ffffff;\n}\n<\/style>\n<div  class='avia-image-container av-jyo8crfn-fb7dfe27b9ea837f8000b2094589a2c4 av-styling- avia-align-center  avia-builder-el-11  el_after_av_textblock  avia-builder-el-last  '  itemprop=\"image\" itemscope=\"itemscope\" itemtype=\"https:\/\/schema.org\/ImageObject\" ><div class=\"avia-image-container-inner\"><div class=\"avia-image-overlay-wrap\"><img class='wp-image-2107 avia-img-lazy-loading-not-2107 avia_image' src='https:\/\/joieinterieure.com\/wp-content\/uploads\/2019\/07\/mozart-180x180.jpg' alt='' title='mozart'  height=\"180\" width=\"180\"  itemprop=\"thumbnailUrl\"  \/><\/div><\/div><\/div><\/p><\/div>\n\n<style type=\"text\/css\" data-created_by=\"avia_inline_auto\" id=\"style-css-av-f8jceg-42cee8ed9d441f43d53fcbd356d9cdd3\">\n.flex_column.av-f8jceg-42cee8ed9d441f43d53fcbd356d9cdd3{\nborder-radius:0px 0px 0px 0px;\n-webkit-border-radius:0px 0px 0px 0px;\n-moz-border-radius:0px 0px 0px 0px;\n}\n<\/style>\n<div class='flex_column av-f8jceg-42cee8ed9d441f43d53fcbd356d9cdd3 av_one_third  avia-builder-el-12  el_after_av_one_third  el_before_av_one_half  flex_column_div av-zero-column-padding '   ><section class=\"av_textblock_section \"  itemscope=\"itemscope\" itemtype=\"https:\/\/schema.org\/BlogPosting\" itemprop=\"blogPost\" ><div class='avia_textblock  '   itemprop=\"text\" ><p style=\"text-align: center;\">L&rsquo;effet de la musique Heavy M\u00e9tal sur l&rsquo;eau:<\/p>\n<\/div><\/section><br \/>\n\n<style type=\"text\/css\" data-created_by=\"avia_inline_auto\" id=\"style-css-av-jyo8f0jk-1e06f27d56708321eb4d014e94e09dbe\">\n.avia-image-container.av-jyo8f0jk-1e06f27d56708321eb4d014e94e09dbe .av-image-caption-overlay-center{\ncolor:#ffffff;\n}\n<\/style>\n<div  class='avia-image-container av-jyo8f0jk-1e06f27d56708321eb4d014e94e09dbe av-styling- avia-align-center  avia-builder-el-14  el_after_av_textblock  avia-builder-el-last  '  itemprop=\"image\" itemscope=\"itemscope\" itemtype=\"https:\/\/schema.org\/ImageObject\" ><div class=\"avia-image-container-inner\"><div class=\"avia-image-overlay-wrap\"><img class='wp-image-2108 avia-img-lazy-loading-not-2108 avia_image' src='https:\/\/joieinterieure.com\/wp-content\/uploads\/2019\/07\/th-180x180.jpg' alt='' title='hardrock'  height=\"180\" width=\"180\"  itemprop=\"thumbnailUrl\"  \/><\/div><\/div><\/div><\/p><\/div>\n\n<style type=\"text\/css\" data-created_by=\"avia_inline_auto\" id=\"style-css-av-c236s8-432f43460ba3018642542e37f398eb8a\">\n.flex_column.av-c236s8-432f43460ba3018642542e37f398eb8a{\nborder-radius:0px 0px 0px 0px;\n-webkit-border-radius:0px 0px 0px 0px;\n-moz-border-radius:0px 0px 0px 0px;\n}\n<\/style>\n<div class='flex_column av-c236s8-432f43460ba3018642542e37f398eb8a av_one_half  avia-builder-el-15  el_after_av_one_third  el_before_av_one_half  first flex_column_div av-zero-column-padding column-top-margin'   ><section class=\"av_textblock_section \"  itemscope=\"itemscope\" itemtype=\"https:\/\/schema.org\/BlogPosting\" itemprop=\"blogPost\" ><div class='avia_textblock  '   itemprop=\"text\" ><p>Pour en savoir plus sur les travaux d\u2019Emoto,<\/p>\n<p>n\u2019h\u00e9sitez pas \u00e0 suivre le lien ci-dessous qui vous m\u00e8nera \u00e0 une interview de<\/p>\n<p><a href=\"https:\/\/www.lateledelilou.com\/\">Lilou Mace<\/a><\/p>\n<\/div><\/section><\/div>\n\n<style type=\"text\/css\" data-created_by=\"avia_inline_auto\" id=\"style-css-av-ae3jvc-b0b26b09f75321cb5d09c827ca786764\">\n.flex_column.av-ae3jvc-b0b26b09f75321cb5d09c827ca786764{\nborder-radius:0px 0px 0px 0px;\n-webkit-border-radius:0px 0px 0px 0px;\n-moz-border-radius:0px 0px 0px 0px;\n}\n<\/style>\n<div class='flex_column av-ae3jvc-b0b26b09f75321cb5d09c827ca786764 av_one_half  avia-builder-el-17  el_after_av_one_half  el_before_av_one_full  flex_column_div av-zero-column-padding column-top-margin'   ><div  class='avia-video avia-video-16-9   av-lazyload-immediate  av-lazyload-video-embed  '   itemprop=\"video\" itemtype=\"https:\/\/schema.org\/VideoObject\"  data-original_url='https:\/\/www.youtube.com\/watch?v=PCLuBgiQvdU' ><script type='text\/html' class='av-video-tmpl'><div class='avia-iframe-wrap'><iframe title=\"Dr Emoto : les m\u00e9moires de l&#039;eau (version fran\u00e7aise)\" width=\"1500\" height=\"844\" src=\"https:\/\/www.youtube.com\/embed\/PCLuBgiQvdU?feature=oembed&autoplay=0&loop=0&controls=1&mute=0\" frameborder=\"0\" allow=\"accelerometer; autoplay; encrypted-media; gyroscope; picture-in-picture\" allowfullscreen><\/iframe><\/div><\/script><div class='av-click-to-play-overlay'><div class=\"avia_playpause_icon\"><\/div><\/div><\/div><\/div>\n\n<style type=\"text\/css\" data-created_by=\"avia_inline_auto\" id=\"style-css-av-ducptk-a83bf6209f2059cf94a85d5f2c115fdf\">\n.flex_column.av-ducptk-a83bf6209f2059cf94a85d5f2c115fdf{\nborder-radius:0px 0px 0px 0px;\n-webkit-border-radius:0px 0px 0px 0px;\n-moz-border-radius:0px 0px 0px 0px;\n}\n<\/style>\n<div class='flex_column av-ducptk-a83bf6209f2059cf94a85d5f2c115fdf av_one_full  avia-builder-el-19  el_after_av_one_half  el_before_av_hr  first flex_column_div av-zero-column-padding column-top-margin'   ><section class=\"av_textblock_section \"  itemscope=\"itemscope\" itemtype=\"https:\/\/schema.org\/BlogPosting\" itemprop=\"blogPost\" ><div class='avia_textblock  '   itemprop=\"text\" ><p style=\"text-align: center;\">Cela nous montre <strong>l\u2019impact des pens\u00e9es<\/strong> et <strong>des \u00e9motions sur notre corp<\/strong>s, sur l\u2019univers\u2026<\/p>\n<p style=\"text-align: center;\">L\u2019eau est <strong>une \u00e9nergie qui a une m\u00e9moire<\/strong>, \u00e9tant nous-m\u00eame compos\u00e9 d\u2019eau rendez-vous compte de l\u2019importance des m\u00e9moires que nous transportons en nous \u2026<\/p>\n<p style=\"text-align: center;\">Il est essentiel de <strong>vivre en harmonie<\/strong> car si nous sommes en disharmonie nous risquons de tomber malade.<\/p>\n<\/div><\/section><\/div>\n<div  class='hr av-8xfjp4-a00298b49f5068f8f1bf9ae3cd10878d hr-default  avia-builder-el-21  el_after_av_one_full  el_before_av_one_full  '><span class='hr-inner '><span class=\"hr-inner-style\"><\/span><\/span><\/div>\n\n<style type=\"text\/css\" data-created_by=\"avia_inline_auto\" id=\"style-css-av-afsf88-87cbce775e39191cc6cf742b93ac2a39\">\n.flex_column.av-afsf88-87cbce775e39191cc6cf742b93ac2a39{\nborder-radius:0px 0px 0px 0px;\n-webkit-border-radius:0px 0px 0px 0px;\n-moz-border-radius:0px 0px 0px 0px;\n}\n<\/style>\n<div class='flex_column av-afsf88-87cbce775e39191cc6cf742b93ac2a39 av_one_full  avia-builder-el-22  el_after_av_hr  el_before_av_one_third  first flex_column_div av-zero-column-padding '   ><section class=\"av_textblock_section \"  itemscope=\"itemscope\" itemtype=\"https:\/\/schema.org\/BlogPosting\" itemprop=\"blogPost\" ><div class='avia_textblock  '   itemprop=\"text\" ><h3>Et les m\u00e9decins dans tous \u00e7a ?<\/h3>\n<\/div><\/section><\/div>\n\n<style type=\"text\/css\" data-created_by=\"avia_inline_auto\" id=\"style-css-av-8xqoxk-e9bb44baf448af30dc2cc354fff78709\">\n.flex_column.av-8xqoxk-e9bb44baf448af30dc2cc354fff78709{\nborder-radius:0px 0px 0px 0px;\n-webkit-border-radius:0px 0px 0px 0px;\n-moz-border-radius:0px 0px 0px 0px;\n}\n<\/style>\n<div class='flex_column av-8xqoxk-e9bb44baf448af30dc2cc354fff78709 av_one_third  avia-builder-el-24  el_after_av_one_full  el_before_av_one_third  first flex_column_div av-zero-column-padding column-top-margin'   ><section class=\"av_textblock_section \"  itemscope=\"itemscope\" itemtype=\"https:\/\/schema.org\/BlogPosting\" itemprop=\"blogPost\" ><div class='avia_textblock  '   itemprop=\"text\" ><h3><strong>\u00a0Luc Montagnier <\/strong>Prix Nobel de la M\u00e9decine <strong>: <\/strong><\/h3>\n<p>\u00ab\u00a0Le jour o\u00f9 l\u2019on admet que les ondes peuvent agir, on peut agir et traiter par les ondes.<\/p>\n<p>C\u2019est un nouveau domaine de la m\u00e9decine qui fait peur \u00e0 l\u2019industrie pharmaceutique \u02ee<\/p>\n<p style=\"text-align: right;\">\u00a0Luc Montagnier<\/p>\n<\/div><\/section><\/div>\n\n<style type=\"text\/css\" data-created_by=\"avia_inline_auto\" id=\"style-css-av-70m1vs-6196124257fde7bec2f29434a0b179c0\">\n.flex_column.av-70m1vs-6196124257fde7bec2f29434a0b179c0{\nborder-radius:0px 0px 0px 0px;\n-webkit-border-radius:0px 0px 0px 0px;\n-moz-border-radius:0px 0px 0px 0px;\n}\n<\/style>\n<div class='flex_column av-70m1vs-6196124257fde7bec2f29434a0b179c0 av_one_third  avia-builder-el-26  el_after_av_one_third  el_before_av_one_third  flex_column_div av-zero-column-padding column-top-margin'   ><section class=\"av_textblock_section \"  itemscope=\"itemscope\" itemtype=\"https:\/\/schema.org\/BlogPosting\" itemprop=\"blogPost\" ><div class='avia_textblock  '   itemprop=\"text\" ><h3 style=\"text-align: center;\"><strong>Jacques Benveniste<\/strong>\u00a0(12 Mars 1935 \u2013 3 Octobre 2004),<\/h3>\n<p style=\"text-align: center;\">M\u00e9decin et immunologiste fran\u00e7ais, \u00ab le Galil\u00e9e du XXe si\u00e8cle \u00bb selon Luc Montagnier, a mis en \u00e9vidence que<strong> l\u2019eau \u00e9tait capable, tout comme une bande magn\u00e9tique, de conserver, de v\u00e9hiculer et de retransmettre des \u201cinformations\u201d, des vibrations, \u00a0d\u2019\u00e9l\u00e9ments qui la traversent ou qui lui sont proches. L\u2019eau a une m\u00e9moire\u2026\u00a0<\/strong><\/p>\n<p style=\"text-align: center;\"><strong>L\u2019eau garde en m\u00e9moire les propri\u00e9t\u00e9s des mol\u00e9cules avec lesquelles elle a \u00e9t\u00e9 en contact, et m\u00eame lorsque les mol\u00e9cules ne s\u2019y trouvent plus.<\/strong><\/p>\n<p style=\"text-align: center;\"><strong>Ce qui est important c&rsquo;est le message qu&rsquo;on souhaite transmettre&#8230;<\/strong><\/p>\n<p style=\"text-align: center;\">Cela explique d\u2019ailleurs comment certaines \u201cm\u00e9decines\u201d fonctionnent : l\u2019hom\u00e9opathie, les fleurs de Bach\u2026 Cela peut expliquer du m\u00eame coup pourquoi certaines eaux sont plus \u201cgu\u00e9risseuses\u201d que d\u2019autres.<\/p>\n<\/div><\/section><\/div>\n\n<style type=\"text\/css\" data-created_by=\"avia_inline_auto\" id=\"style-css-av-6habl4-b7a2b624559e3ed38c6acfb39f285cde\">\n.flex_column.av-6habl4-b7a2b624559e3ed38c6acfb39f285cde{\nborder-radius:0px 0px 0px 0px;\n-webkit-border-radius:0px 0px 0px 0px;\n-moz-border-radius:0px 0px 0px 0px;\n}\n<\/style>\n<div class='flex_column av-6habl4-b7a2b624559e3ed38c6acfb39f285cde av_one_third  avia-builder-el-28  el_after_av_one_third  el_before_av_hr  flex_column_div av-zero-column-padding column-top-margin'   ><section class=\"av_textblock_section \"  itemscope=\"itemscope\" itemtype=\"https:\/\/schema.org\/BlogPosting\" itemprop=\"blogPost\" ><div class='avia_textblock  '   itemprop=\"text\" ><h3><strong>Bruce LIPTON, Biologiste<\/strong><\/h3>\n<p>\u00ab\u00a0Avant m\u00eame de s\u2019interroger sur nos cellules <strong>il importe de s\u2019adresser \u00e0 nos pens\u00e9es<\/strong> et \u00e0 nos croyances, elles semblent plus importantes que nos g\u00e8nes. <strong>Nous ne sommes pas victimes de nos g\u00eanes<\/strong>. Dans le nouveau paradigme, les lois de l\u2019univers confirm\u00e9es par la science, impliquent<strong> une responsabilit\u00e9 personnelle.<\/strong> <strong>La clef c\u2019est d\u2019apprendre \u00e0 <a href=\"https:\/\/joieinterieure.com\/index.php\/energeticienne-magnetiseuse-savigny-sur-orge-essonne-4\/energeticienne-savigny-sur-orge-essonne-4\/\">agir sur soi m\u00eame<\/a><\/strong> \u00bb<\/p>\n<p style=\"text-align: right;\">Bruce Lipton, Biologiste<\/p>\n<\/div><\/section><\/div>\n<div  class='hr av-8xfjp4-a00298b49f5068f8f1bf9ae3cd10878d hr-default  avia-builder-el-30  el_after_av_one_third  el_before_av_textblock  '><span class='hr-inner '><span class=\"hr-inner-style\"><\/span><\/span><\/div>\n<section class=\"av_textblock_section \"  itemscope=\"itemscope\" itemtype=\"https:\/\/schema.org\/BlogPosting\" itemprop=\"blogPost\" ><div class='avia_textblock  '   itemprop=\"text\" ><p style=\"text-align: center;\">Il serai peut-\u00eatre int\u00e9ressant de nous reconnecter avec notre pouvoir de co-cr\u00e9ation.<\/p>\n<p style=\"text-align: center;\"><strong>Nous r\u00e9concilier avec l\u2019eau qui est l\u2019essence de la vie<\/strong> ; l\u2019importance des \u00ab bonnes \u00bb ondes ; le corps et sa sant\u00e9, dans toutes ses dimensions tant physiques qu\u2019<a href=\"https:\/\/joieinterieure.com\/index.php\/energeticienne-magnetiseuse-savigny-sur-orge-essonne-4\/energeticienne-savigny-sur-orge-essonne-3\/\">\u00e9nerg\u00e9tiques.<\/a><\/p>\n<p style=\"text-align: center;\"><b>Et pourquoi pas approuver la sagesse populaire qui nous invite \u00e0 vivre d\u2019amour et d\u2019eau fra\u00eeche ?<\/b><\/p>\n<\/div><\/section>\n<div  class='hr av-8xfjp4-a00298b49f5068f8f1bf9ae3cd10878d hr-default  avia-builder-el-32  el_after_av_textblock  el_before_av_one_full  '><span class='hr-inner '><span class=\"hr-inner-style\"><\/span><\/span><\/div>\n\n<style type=\"text\/css\" data-created_by=\"avia_inline_auto\" id=\"style-css-av-4ax8y0-091dd3bc28ea21390f3dce92827ee438\">\n.flex_column.av-4ax8y0-091dd3bc28ea21390f3dce92827ee438{\nborder-radius:0px 0px 0px 0px;\n-webkit-border-radius:0px 0px 0px 0px;\n-moz-border-radius:0px 0px 0px 0px;\n}\n<\/style>\n<div class='flex_column av-4ax8y0-091dd3bc28ea21390f3dce92827ee438 av_one_full  avia-builder-el-33  el_after_av_hr  el_before_av_one_full  first flex_column_div av-zero-column-padding '   ><section class=\"av_textblock_section \"  itemscope=\"itemscope\" itemtype=\"https:\/\/schema.org\/BlogPosting\" itemprop=\"blogPost\" ><div class='avia_textblock  '   itemprop=\"text\" ><h4><strong>Notre consommation d&rsquo;eau mais pas que&#8230;<\/strong><\/h4>\n<p>L&rsquo;eau c&rsquo;est la vie. Comme nous l&rsquo;avons vue plus haut l&rsquo;eau est notre premier aliment.\u00a0La qualit\u00e9 de l\u2019eau que vous absorbez est un vecteur important de votre bonne sant\u00e9 et de votre bien-\u00eatre.<\/p>\n<p style=\"text-align: center;\"><strong>Comme le disait Hippocrate:\u00a0 <\/strong><strong>\u02eeQue ton aliment soit ta seule m\u00e9decine !\u02ee\u00a0<\/strong><\/p>\n<p>Une phrase qui semble simple et banale mais qui pourtant en dis long &#8230; les naturopathes, m\u00e9decins ayurv\u00e9diques, nos anciens druides ou gu\u00e9risseuses de campagne ne pourrons pas vous dire le contraire. Nombre d&rsquo;\u00e9tude aujourd&rsquo;hui sont r\u00e9alis\u00e9es pour aider les malades \u00e0 gu\u00e9rir en \u00e9quilibrant leur alimentation&#8230; Hippocrate nous l&rsquo;avais pourtant bien dis &#8230;<\/p>\n<p>Alors juste une parenth\u00e8se mais devenons plus conscient de nos achats de nourritures &#8230; les plats pr\u00e9par\u00e9s, les aliments transform\u00e9s, les fast-food etc, ne sont surement pas notre meilleur des m\u00e9decines.<\/p>\n<\/div><\/section><\/div>\n\n<style type=\"text\/css\" data-created_by=\"avia_inline_auto\" id=\"style-css-av-43p1ns-cfd60500362978244a0653429090eddc\">\n.flex_column.av-43p1ns-cfd60500362978244a0653429090eddc{\nborder-radius:0px 0px 0px 0px;\n-webkit-border-radius:0px 0px 0px 0px;\n-moz-border-radius:0px 0px 0px 0px;\n}\n<\/style>\n<div class='flex_column av-43p1ns-cfd60500362978244a0653429090eddc av_one_full  avia-builder-el-35  el_after_av_one_full  el_before_av_tab_section  avia-builder-el-last  first flex_column_div av-zero-column-padding column-top-margin'   ><section class=\"av_textblock_section \"  itemscope=\"itemscope\" itemtype=\"https:\/\/schema.org\/BlogPosting\" itemprop=\"blogPost\" ><div class='avia_textblock  '   itemprop=\"text\" ><h4><strong>Comment purifier l&rsquo;eau que nous absorbons ?\u00a0<\/strong><\/h4>\n<p>Je vous partage les conseils d&rsquo;<a href=\"https:\/\/emmanuelferran.com\/livre-numerique-5-outils-pour-purifier-votre-eau-en-5-min\/\">Emmanuel Ferran<\/a> pour la purification de l&rsquo;eau. Je ne les ai pas encore tous test\u00e9 alors n&rsquo;h\u00e9sitez pas \u00e0 me donner votre retour sur ces exp\u00e9riences \ud83d\ude09<\/p>\n<p style=\"text-align: center;\">Il existe de nombreux syst\u00e8me permettant de filtr\u00e9 l&rsquo;eau que nous consommons afin de la d\u00e9polluer des composant chimiques tels que le chlore, les pesticides, les m\u00e9taux lourds, etc.<\/p>\n<\/div><\/section><\/div>\n<\/div><\/div><\/div><!-- close content main div --><\/div><\/div><div id='av-tab-section-1'  class='av-tab-section-container entry-content-wrapper main_color av-tab-no-transition   av-tab-above-content  avia-builder-el-37  el_after_av_one_full  el_before_av_textblock  submenu-not-first container_wrap fullsize'  ><div class='av-tab-section-outer-container'><div class='av-tab-section-tab-title-container avia-tab-title-padding-default '  role='tablist'><a href='#fontaine-filtrante' data-av-tab-section-title='1' class='av-section-tab-title av-active-tab-title no-scroll av-tab-no-icon av-tab-with-image noHover  ' role='tab' tabindex='0' aria-controls='av-tab-section-1-1'><span class='av-tab-section-image' style='background-image: url(https:\/\/joieinterieure.com\/wp-content\/uploads\/2019\/07\/fontaine-filtrante-ecologique-terre-cuite-180x180.jpg);'><\/span><span class='av-outer-tab-title'><span class='av-inner-tab-title'>Fontaine Filtrante<\/span><\/span><span class='av-tab-arrow-container'><span><\/span><\/span><\/a><a href='#cramique' data-av-tab-section-title='2' class='av-section-tab-title  av-tab-no-icon av-tab-with-image noHover  ' role='tab' tabindex='0' aria-controls='av-tab-section-1-2'><span class='av-tab-section-image' style='background-image: url(https:\/\/joieinterieure.com\/wp-content\/uploads\/2019\/07\/perles-de-ceramique-les-verts-moutons-purifier-carafe-eau-robinet-180x180.jpg);'><\/span><span class='av-outer-tab-title'><span class='av-inner-tab-title'>C\u00e9ramique<\/span><\/span><span class='av-tab-arrow-container'><span><\/span><\/span><\/a><a href='#ondes-de-forme' data-av-tab-section-title='3' class='av-section-tab-title  av-tab-no-icon av-tab-with-image noHover  ' role='tab' tabindex='0' aria-controls='av-tab-section-1-3'><span class='av-tab-section-image' style='background-image: url(https:\/\/joieinterieure.com\/wp-content\/uploads\/2019\/07\/cube-metatron-180x180.jpg);'><\/span><span class='av-outer-tab-title'><span class='av-inner-tab-title'>Ondes de forme<\/span><\/span><span class='av-tab-arrow-container'><span><\/span><\/span><\/a><a href='#extrait-de-ppin-de-pamplemousse' data-av-tab-section-title='4' class='av-section-tab-title  av-tab-no-icon av-tab-with-image noHover  ' role='tab' tabindex='0' aria-controls='av-tab-section-1-4'><span class='av-tab-section-image' style='background-image: url(https:\/\/joieinterieure.com\/wp-content\/uploads\/2019\/07\/00309074-180x180.jpg);'><\/span><span class='av-outer-tab-title'><span class='av-inner-tab-title'>Extrait de p\u00e9pin de pamplemousse<\/span><\/span><span class='av-tab-arrow-container'><span><\/span><\/span><\/a><a href='#bouteilles-deau' data-av-tab-section-title='5' class='av-section-tab-title  av-tab-no-icon av-tab-with-image noHover  ' role='tab' tabindex='0' aria-controls='av-tab-section-1-5'><span class='av-tab-section-image' style='background-image: url(https:\/\/joieinterieure.com\/wp-content\/uploads\/2019\/07\/bouteille-violette-180x180.png);'><\/span><span class='av-outer-tab-title'><span class='av-inner-tab-title'>Bouteilles d\u2019eau<\/span><\/span><span class='av-tab-arrow-container'><span><\/span><\/span><\/a><\/div><div class='avia-slideshow-arrows av-tabsection-arrow' ><a href='#prev' class='prev-slide av_prev_tab_section av-tab-section-slide' aria-hidden='true' data-av_icon='\ue87c' data-av_iconfont='entypo-fontello' aria-hidden='true' tabindex='-1'>Pr\u00e9c\u00e9dent<\/a><a href='#next' class='next-slide av_next_tab_section av-tab-section-slide' aria-hidden='true' data-av_icon='\ue87d' data-av_iconfont='entypo-fontello' aria-hidden='true' tabindex='-1'>Suivant<\/a><\/div><div class='av-tab-section-inner-container avia-section-default' style='width:500vw; left:0%;'><span class='av_prev_tab_section av_tab_navigation'><\/span><span class='av_next_tab_section av_tab_navigation'><\/span>\n<div id=\"av-tab-section-1-1\" data-av-tab-section-content=\"1\" class=\"av-layout-tab av-animation-delay-container av-active-tab-content __av_init_open  avia-builder-el-38  el_before_av_tab_sub_section  avia-builder-el-first   \" style='vertical-align:middle; ' data-av-tab-color='#0974e8'  data-tab-section-id=\"fontaine-filtrante\"><div class='av-layout-tab-inner'><div class='container'><section class=\"av_textblock_section \"  itemscope=\"itemscope\" itemtype=\"https:\/\/schema.org\/BlogPosting\" itemprop=\"blogPost\" ><div class='avia_textblock  '   itemprop=\"text\" ><p>Vous permettent de\u00a0<strong>filtrer l\u2019eau du robinet de mani\u00e8re efficace<\/strong>\u00a0(Cartouche filtrante : kaolin, argent collo\u00efdal et charbon actif.).<\/p>\n<p>Le filtre \u00e0 eau St\u00e9fani ne n\u00e9cessite\u00a0<strong>aucune alimentation \u00e9lectriqu<\/strong>e et<strong>\u00a0r\u00e9duit l\u2019utilisation de bouteilles d\u2019eau en plastique<\/strong>.<\/p>\n<p>Filtre de 0,5 \u00e0 1 micron Am\u00e9lioration r\u00e9elle de la qualit\u00e9 de votre eau potable. Fontaine \u00e0 eau garantie Sans Bisph\u00e9nol A. Les fontaines filtrantes en c\u00e9ramique assurent un \u00e9change entre l\u2019air et l\u2019eau et permettent donc aux gaz tel que l\u2019argon de s\u2019\u00e9vaporer.<\/p>\n<p>En plus de ces avantages sanitaires et \u00e9cologiques, la fontaine St\u00e9fani a un avantage \u00e9conomique. Les cartouches co\u00fbtent une quinzaine d\u2019euros et se changent tous les 6 mois seulement. Prix : \u00c0 partir de 120 \u20ac la fontaine.<\/p>\n<\/div><\/section>\n<\/div><\/div><\/div><div id=\"av-tab-section-1-2\" data-av-tab-section-content=\"2\" class=\"av-layout-tab av-animation-delay-container   avia-builder-el-40  el_after_av_tab_sub_section  el_before_av_tab_sub_section   \" style='vertical-align:middle; ' data-av-tab-color='#4594e8'  data-tab-section-id=\"cramique\"><div class='av-layout-tab-inner'><div class='container'><section class=\"av_textblock_section \"  itemscope=\"itemscope\" itemtype=\"https:\/\/schema.org\/BlogPosting\" itemprop=\"blogPost\" ><div class='avia_textblock  '   itemprop=\"text\" ><p>Invent\u00e9e par Teruo Higa, Professeur \u00e0 l\u2019universit\u00e9 Ryukyo, situ\u00e9e \u00e0 Okinawa au Japon, la c\u00e9ramique active est compos\u00e9e d e terre argileuse \u00ab Kibushi \u00bb et de micro-organismes effaces (EM).<\/p>\n<p>Lors du processus de fluoration, la c\u00e9ramique active intervient sur les param\u00e8tres suivants :<br \/>\n\u2013 Diminution de la taille des clusters (petits agr\u00e9gats d\u2019une dizaine \u00e0 une centaine de mol\u00e9cules d\u2019eau).<\/p>\n<p>\u2013 Diminution de la tension superficielle.<\/p>\n<p>\u2013 Augmentation du pouvoir antioxydant.<\/p>\n<p>\u2013 Transfert des informations positives par effet de r\u00e9sonance tout en effa\u00e7ant les traces d\u2019informations n\u00e9gatives.<\/p>\n<p><a href=\"https:\/\/www.lalouandco.fr\/perles-ceramique-purifier-eau-robinet\/\">C\u00e9ramiques<\/a><\/p>\n<\/div><\/section>\n<\/div><\/div><\/div><div id=\"av-tab-section-1-3\" data-av-tab-section-content=\"3\" class=\"av-layout-tab av-animation-delay-container   avia-builder-el-42  el_after_av_tab_sub_section  el_before_av_tab_sub_section   \" style='vertical-align:middle; ' data-av-tab-color='#66a4e8'  data-tab-section-id=\"ondes-de-forme\"><div class='av-layout-tab-inner'><div class='container'><section class=\"av_textblock_section \"  itemscope=\"itemscope\" itemtype=\"https:\/\/schema.org\/BlogPosting\" itemprop=\"blogPost\" ><div class='avia_textblock  '   itemprop=\"text\" ><p>Une onde de forme est une forme g\u00e9om\u00e9trique, souvent li\u00e9e aux proportions de la g\u00e9om\u00e9trie sacr\u00e9e en lien avec le nombre d\u2019or.<\/p>\n<p>Il existe une science des ondes de forme, c\u2019est la radionique.<\/p>\n<p>Les ondes de formes sont connues de longues dates dans l\u2019histoire de l\u2019humanit\u00e9. Le sceau de Salomon et les pyramides d\u2019\u00c9gypte sont des ondes de forme mill\u00e9naires.<\/p>\n<p>Tout comme les mots et la musique influencent la qualit\u00e9 vibratoire de l\u2019eau, les formes g\u00e9om\u00e9triques et les ondes de forme font de m\u00eame. La qualit\u00e9 du dessin est proportionnelle \u00e0 la qualit\u00e9 de son effet sur l\u2019eau.<\/p>\n<p class=\"product_title entry-title\" style=\"text-align: center;\"><a href=\"https:\/\/boutique.padmalovin.com\/produit\/le-cube-de-metatron-les-solides-de-platon-et-la-fleur-de-vie\/\">Le cube de M\u00e9tatron, les Solides de Platon et la Fleur de Vie<\/a><\/p>\n<\/div><\/section>\n<\/div><\/div><\/div><div id=\"av-tab-section-1-4\" data-av-tab-section-content=\"4\" class=\"av-layout-tab av-animation-delay-container   avia-builder-el-44  el_after_av_tab_sub_section  el_before_av_tab_sub_section   \" style='vertical-align:middle; ' data-av-tab-color='#8db9e8'  data-tab-section-id=\"extrait-de-ppin-de-pamplemousse\"><div class='av-layout-tab-inner'><div class='container'><section class=\"av_textblock_section \"  itemscope=\"itemscope\" itemtype=\"https:\/\/schema.org\/BlogPosting\" itemprop=\"blogPost\" ><div class='avia_textblock  '   itemprop=\"text\" ><p>L\u2019e<a href=\"https:\/\/www.naturalforme.fr\/extrait-de-pepins-de-pamplemousse-bio-citrobiotic.html?msclkid=f6367409ea071f2b60e8295631fe9a46&#038;utm_source=bing&#038;utm_medium=cpc&#038;utm_campaign=ASUC%20-%20DSA&#038;utm_term=naturalforme&#038;utm_content=Tout%20le%20site#customer-review\">xtrait de p\u00e9pin de pamplemousse<\/a> est un super anti bact\u00e9rien, anti viral (plus de 800 bact\u00e9ries et virus) anti fongique (+ de 100 champignons).<\/p>\n<p>Il est puissant comme rem\u00e8de contre les candidas, maladies bact\u00e9riennes, parasites, probl\u00e8mes intestinaux, aussi bien qu\u2019en pr\u00e9vention et \u00e9claircissement de la dysenterie et la diarrh\u00e9e de voyage.<\/p>\n<p>Cet antibiotique naturel contient des min\u00e9raux essentiels, du phosphore, du potassium, du fer, du sodium, du magn\u00e9sium, de la vitamine B Biotine, la vitamine V et E.<\/p>\n<p>L\u2019EPP tue et d\u00e9sintoxique les champignons aussi bien que d\u2019autres parasites qui causent affaiblissement de notre syst\u00e8me immunitaire.<\/p>\n<p>Il est surtout tr\u00e8s utile en voyage pour remplacer les pastilles d\u2019argent pour purifier l\u2019eau. Pour cet usage ajouter 30 gouttes d\u2019EPP \u00e0 un litre d\u2019eau, remuer et laisser agir 2 minutes et votre eau est pr\u00eate \u00e0 \u00eatre consomm\u00e9e<\/p>\n<\/div><\/section>\n<\/div><\/div><\/div><div id=\"av-tab-section-1-5\" data-av-tab-section-content=\"5\" class=\"av-layout-tab av-animation-delay-container   avia-builder-el-46  el_after_av_tab_sub_section  avia-builder-el-last   \" style='vertical-align:middle; ' data-av-tab-color='#aecae8'  data-tab-section-id=\"bouteilles-deau\"><div class='av-layout-tab-inner'><div class='container'><section class=\"av_textblock_section \"  itemscope=\"itemscope\" itemtype=\"https:\/\/schema.org\/BlogPosting\" itemprop=\"blogPost\" ><div class='avia_textblock  '   itemprop=\"text\" ><p>Pr\u00e9f\u00e9rer des bouteilles en verre neutre, c\u2019est-\u00e0-dire sans logo ou incrustation particuli\u00e8re.<\/p>\n<p>Si la bouteille est teint\u00e9e, c\u2019est une bonne chose, cela r\u00e9duira les effets du soleil sur l\u2019eau.<\/p>\n<p>Expos\u00e9 son eau au soleil peut \u00eatre une bonne chose d\u2019un point de vue \u00e9nerg\u00e9tique, mais expos\u00e9e trop longtemps cela devient n\u00e9faste. G\u00e9n\u00e9ralement, ne pas d\u00e9passer 2 heures d\u2019exposition au soleil et consommer l\u2019eau dans les 24h.<\/p>\n<p>Si vous recyclez une bouteille en verre ou en plastique, sortez les \u00e9tiquettes qui y sont coll\u00e9es ainsi que la colle r\u00e9siduelle. Il est inutile influencer votre eau avec l\u2019\u00e9nergie des soci\u00e9t\u00e9s qui exploitent l\u2019eau.<\/p>\n<\/div><\/section>\n<\/div><\/div><\/div>\n<\/div><\/div><\/div><div id='after_submenu'  class='main_color av_default_container_wrap container_wrap fullsize'  ><div class='container av-section-cont-open' ><div class='template-page content  av-content-full alpha units'><div class='post-entry post-entry-type-page post-entry-2104'><div class='entry-content-wrapper clearfix'>\n<section class=\"av_textblock_section \"  itemscope=\"itemscope\" itemtype=\"https:\/\/schema.org\/BlogPosting\" itemprop=\"blogPost\" ><div class='avia_textblock  '   itemprop=\"text\" ><h4><strong>Du c\u00f4t\u00e9 de chez nous: <\/strong><\/h4>\n<p>Personnellement, je n&rsquo;ai pas encore acheter la fontaine St\u00e9phani mais cela ne serai tarder \ud83d\ude42<\/p>\n<p>J&rsquo;ach\u00e8te encore des bouteilles d&rsquo;eau (Mont Roucous et Volvic, oui c&rsquo;est pas Perma du tout, le z\u00e9ro d\u00e9chet n&rsquo;est pas pr\u00e9sent mais pour bient\u00f4t).<\/p>\n<p>On enl\u00e8ve les \u00e9tiquettes des bouteilles une fois arriv\u00e9 \u00e0 la maison. Puis on note sur chaque bouteille les mots que l&rsquo;on souhaite recevoir: Lumi\u00e8re, Amour, Joie de vivre, s\u00e9r\u00e9nit\u00e9, paix Int\u00e9rieure&#8230;<\/p>\n<p>Bien sur ces mots sont \u00e9cris en conscience en donnant l&rsquo;intention et l&rsquo;\u00e9nergie avec tout notre c\u0153ur. Nous b\u00e9nissons l&rsquo;eau en faisant cela. Le taux vibratoire de celle-ci augmente de fa\u00e7on consid\u00e9rable.<\/p>\n<p>Car comme nous l&rsquo;avons vue dans cet article, l&rsquo;eau int\u00e8gre les informations que nous lui transmettons &#8230; vous faites le test ?<\/p>\n<\/div><\/section>\n<div  class='hr av-1vbba0-0daf67ce95bfa4e09639281074a4b20b hr-default  avia-builder-el-49  el_after_av_textblock  el_before_av_textblock  '><span class='hr-inner '><span class=\"hr-inner-style\"><\/span><\/span><\/div>\n<section class=\"av_textblock_section \"  itemscope=\"itemscope\" itemtype=\"https:\/\/schema.org\/BlogPosting\" itemprop=\"blogPost\" ><div class='avia_textblock  '   itemprop=\"text\" ><h3 style=\"text-align: center;\">Une autre exp\u00e9rience ludique \u00e0 faire seul ou en famille<\/h3>\n<p style=\"text-align: center;\">L\u2019eau absorbe et refl\u00e8te fid\u00e8lement (comme la nature) toutes les vibrations qui se cr\u00e9ent dans le monde, y compris celles cr\u00e9\u00e9s par les hommes\u2026<\/p>\n<p style=\"text-align: center;\"><strong>Vous ne croyez que ce que vous voyez ?<\/strong> Besoin d\u2019une preuve ?<\/p>\n<p style=\"text-align: center;\"><strong>Faites <em>l\u2019exp\u00e9rience du riz <\/em>!<\/strong><\/p>\n<p style=\"text-align: center;\"><strong>Une fois cette exp\u00e9rience r\u00e9alis\u00e9,<\/strong> vous pourriez peut-\u00eatre le faire sur vous m\u00eame &#8230; En l&rsquo;exp\u00e9rimentant sur l&rsquo;eau de votre corps &#8230;<\/p>\n<p style=\"text-align: center;\"><strong>Envoyez vous des mots d&rsquo;Amour pour changer les m\u00e9moires de l&rsquo;eau de votre corps&#8230;<\/strong><\/p>\n<\/div><\/section>\n\n<style type=\"text\/css\" data-created_by=\"avia_inline_auto\" id=\"style-css-av-7bwfig-f781332ad1df9a53525bade2f02fd172\">\n.flex_column.av-7bwfig-f781332ad1df9a53525bade2f02fd172{\nborder-radius:0px 0px 0px 0px;\n-webkit-border-radius:0px 0px 0px 0px;\n-moz-border-radius:0px 0px 0px 0px;\n}\n<\/style>\n<div class='flex_column av-7bwfig-f781332ad1df9a53525bade2f02fd172 av_one_half  avia-builder-el-51  el_after_av_textblock  el_before_av_one_half  first flex_column_div av-zero-column-padding column-top-margin'   ><section class=\"av_textblock_section \"  itemscope=\"itemscope\" itemtype=\"https:\/\/schema.org\/BlogPosting\" itemprop=\"blogPost\" ><div class='avia_textblock  '   itemprop=\"text\" ><p><em><strong>La connaissance passe par l\u2019exp\u00e9rience ?<\/strong><\/em><\/p>\n<p><strong>Exp\u00e9rience simple \u00e0 r\u00e9aliser<\/strong> en famille pour v\u00e9rifier par vous m\u00eames:<\/p>\n<ul>\n<li>Faire <strong>cuire du riz <\/strong><\/li>\n<li>Le d\u00e9poser dans <strong>deux pots diff\u00e9rent<\/strong>s en quantit\u00e9 identique.<\/li>\n<li>Sur <strong>un pot<\/strong>, inscrire \u201c<strong>Je t\u2019aim<\/strong>e\u201d<\/li>\n<li>Sur <strong>l\u2019autre \u201cJe te d\u00e9teste\u201d <\/strong><\/li>\n<li>Et <strong>tous les jours exprimer cela au pot correspondan<\/strong>t pendant 15 jours.<\/li>\n<\/ul>\n<p style=\"text-align: center;\">\n<\/div><\/section><\/div>\n\n<style type=\"text\/css\" data-created_by=\"avia_inline_auto\" id=\"style-css-av-6i56p4-4b3744ad0843dc69f87450b2d89a5802\">\n.flex_column.av-6i56p4-4b3744ad0843dc69f87450b2d89a5802{\nborder-radius:0px 0px 0px 0px;\n-webkit-border-radius:0px 0px 0px 0px;\n-moz-border-radius:0px 0px 0px 0px;\n}\n<\/style>\n<div class='flex_column av-6i56p4-4b3744ad0843dc69f87450b2d89a5802 av_one_half  avia-builder-el-53  el_after_av_one_half  el_before_av_one_full  flex_column_div av-zero-column-padding column-top-margin'   ><div  class='avia-video avia-video-16-9   av-lazyload-immediate  av-lazyload-video-embed  '   itemprop=\"video\" itemtype=\"https:\/\/schema.org\/VideoObject\"  data-original_url='https:\/\/www.dailymotion.com\/video\/x5ugr7' ><script type='text\/html' class='av-video-tmpl'><div class='avia-iframe-wrap'><iframe title=\"Exp\u00e9rience du RIZ !\" frameborder=\"0\" width=\"1333\" height=\"1000\" src=\"https:\/\/www.dailymotion.com\/embed\/video\/x5ugr7\" allowfullscreen allow=\"autoplay\"><\/iframe><\/div><\/script><div class='av-click-to-play-overlay'><div class=\"avia_playpause_icon\"><\/div><\/div><\/div><\/div>\n\n<style type=\"text\/css\" data-created_by=\"avia_inline_auto\" id=\"style-css-av-3sn0yg-c001f319289d1fcb7de9718ff2774bcf\">\n.flex_column.av-3sn0yg-c001f319289d1fcb7de9718ff2774bcf{\nborder-radius:0px 0px 0px 0px;\n-webkit-border-radius:0px 0px 0px 0px;\n-moz-border-radius:0px 0px 0px 0px;\n}\n<\/style>\n<div class='flex_column av-3sn0yg-c001f319289d1fcb7de9718ff2774bcf av_one_full  avia-builder-el-55  el_after_av_one_half  el_before_av_social_share  first flex_column_div av-zero-column-padding column-top-margin'   ><section class=\"av_textblock_section \"  itemscope=\"itemscope\" itemtype=\"https:\/\/schema.org\/BlogPosting\" itemprop=\"blogPost\" ><div class='avia_textblock  '   itemprop=\"text\" ><p>Quel est votre r\u00e9sultat ?<\/p>\n<p style=\"text-align: center;\"><strong>Partagez moi vos exp\u00e9riences, je suis curieuse de connaitre les r\u00e9sultats \ud83d\ude09<\/strong><\/p>\n<\/div><\/section><\/div>\n<div  class='av-social-sharing-box av-social-sharing-box-default   avia-builder-el-57  el_after_av_one_full  el_before_av_hr  av-social-sharing-box-fullwidth '><div class=\"av-share-box\"><h5 class='av-share-link-description av-no-toc '>Partager cet article<\/h5><ul class=\"av-share-box-list noLightbox\"><li class='av-share-link av-social-link-facebook' ><a target=\"_blank\" aria-label=\"Partager sur Facebook\" href='https:\/\/www.facebook.com\/sharer.php?u=https:\/\/joieinterieure.com\/index.php\/2019\/07\/29\/eau-memoire-energies-subtils\/&#038;t=Le%20pouvoir%20de%20l%E2%80%99eau%3F' aria-hidden='false' data-av_icon='\ue8f3' data-av_iconfont='entypo-fontello' title='' data-avia-related-tooltip='Partager sur Facebook' rel=\"noopener\"><span class='avia_hidden_link_text'>Partager sur Facebook<\/span><\/a><\/li><li class='av-share-link av-social-link-twitter' ><a target=\"_blank\" aria-label=\"Partager sur Twitter\" href='https:\/\/twitter.com\/share?text=Le%20pouvoir%20de%20l%E2%80%99eau%3F&#038;url=https:\/\/joieinterieure.com\/?p=2104' aria-hidden='false' data-av_icon='\ue8f1' data-av_iconfont='entypo-fontello' title='' data-avia-related-tooltip='Partager sur Twitter' rel=\"noopener\"><span class='avia_hidden_link_text'>Partager sur Twitter<\/span><\/a><\/li><li class='av-share-link av-social-link-pinterest' ><a target=\"_blank\" aria-label=\"Partager sur Pinterest\" href='https:\/\/pinterest.com\/pin\/create\/button\/?url=https%3A%2F%2Fjoieinterieure.com%2Findex.php%2F2019%2F07%2F29%2Feau-memoire-energies-subtils%2F&#038;description=Le%20pouvoir%20de%20l%E2%80%99eau%3F&#038;media=https%3A%2F%2Fjoieinterieure.com%2Fwp-content%2Fuploads%2F2019%2F07%2Fjohnny-brown-V-afy242gY4-unsplash-705x471.jpg' aria-hidden='false' data-av_icon='\ue8f8' data-av_iconfont='entypo-fontello' title='' data-avia-related-tooltip='Partager sur Pinterest' rel=\"noopener\"><span class='avia_hidden_link_text'>Partager sur Pinterest<\/span><\/a><\/li><li class='av-share-link av-social-link-linkedin' ><a target=\"_blank\" aria-label=\"Partager sur LinkedIn\" href='https:\/\/linkedin.com\/shareArticle?mini=true&#038;title=Le%20pouvoir%20de%20l%E2%80%99eau%3F&#038;url=https:\/\/joieinterieure.com\/index.php\/2019\/07\/29\/eau-memoire-energies-subtils\/' aria-hidden='false' data-av_icon='\ue8fc' data-av_iconfont='entypo-fontello' title='' data-avia-related-tooltip='Partager sur LinkedIn' rel=\"noopener\"><span class='avia_hidden_link_text'>Partager sur LinkedIn<\/span><\/a><\/li><li class='av-share-link av-social-link-mail' ><a  aria-label=\"Partager par Mail\" href='mailto:?subject=Le%20pouvoir%20de%20l%E2%80%99eau%3F&#038;body=https:\/\/joieinterieure.com\/index.php\/2019\/07\/29\/eau-memoire-energies-subtils\/' aria-hidden='false' data-av_icon='\ue805' data-av_iconfont='entypo-fontello' title='' data-avia-related-tooltip='Partager par Mail'><span class='avia_hidden_link_text'>Partager par Mail<\/span><\/a><\/li><\/ul><\/div><\/div>\n<div  class='hr av-8xfjp4-a00298b49f5068f8f1bf9ae3cd10878d hr-default  avia-builder-el-58  el_after_av_social_share  el_before_av_comments_list  '><span class='hr-inner '><span class=\"hr-inner-style\"><\/span><\/span><\/div>\n<div  class='av-buildercomment av-2jeq4o-5342e505ab4b705e3fe5f484fc68c212 '><\/div>\n<\/div><\/div><\/div><!-- close content main div --><\/div><\/div>\n<style type=\"text\/css\" data-created_by=\"avia_inline_auto\" id=\"style-css-av-jpvcfn8a-3da0c108bc270e7dc7c27edb64435f4d\">\n.avia-section.av-jpvcfn8a-3da0c108bc270e7dc7c27edb64435f4d{\nbackground-color:rgba(237,222,199,0.49);\n}\n<\/style>\n<div id='av_section_2'  class='avia-section av-jpvcfn8a-3da0c108bc270e7dc7c27edb64435f4d main_color avia-section-default avia-no-border-styling  avia-builder-el-60  el_after_av_comments_list  el_before_av_postslider  avia-bg-style-scroll  container_wrap fullsize'  ><div class='container av-section-cont-open' ><div class='template-page content  av-content-full alpha units'><div class='post-entry post-entry-type-page post-entry-2104'><div class='entry-content-wrapper clearfix'>\n<div class='flex_column_table av-mz4e3-353a8906e953cd197be4ae5197d4465a sc-av_one_fourth av-equal-height-column-flextable'>\n<style type=\"text\/css\" data-created_by=\"avia_inline_auto\" id=\"style-css-av-mz4e3-353a8906e953cd197be4ae5197d4465a\">\n.flex_column.av-mz4e3-353a8906e953cd197be4ae5197d4465a{\nborder-radius:0px 0px 0px 0px;\n-webkit-border-radius:0px 0px 0px 0px;\n-moz-border-radius:0px 0px 0px 0px;\n}\n<\/style>\n<div class='flex_column av-mz4e3-353a8906e953cd197be4ae5197d4465a av_one_fourth  avia-builder-el-61  el_before_av_three_fourth  avia-builder-el-first  first no_margin flex_column_table_cell av-equal-height-column av-align-middle av-zero-column-padding '   ><style type=\"text\/css\" data-created_by=\"avia_inline_auto\" id=\"style-css-av-jqycvgra-a4bba60a7fce249f6dca4125d42d6a91\">\n.avia-image-container.av-jqycvgra-a4bba60a7fce249f6dca4125d42d6a91 .av-image-caption-overlay-center{\ncolor:#ffffff;\n}\n<\/style>\n<div  class='avia-image-container av-jqycvgra-a4bba60a7fce249f6dca4125d42d6a91 av-styling- avia-align-center  avia-builder-el-62  avia-builder-el-no-sibling  '  itemprop=\"image\" itemscope=\"itemscope\" itemtype=\"https:\/\/schema.org\/ImageObject\" ><div class=\"avia-image-container-inner\"><div class=\"avia-image-overlay-wrap\"><a href=\"https:\/\/joieinterieure.com\/?page_id=758\" class='avia_image'  target=\"_blank\"  rel=\"noopener noreferrer\"><img class='wp-image-759 avia-img-lazy-loading-not-759 avia_image' src='https:\/\/joieinterieure.com\/wp-content\/uploads\/2019\/01\/Capture-d\u2019\u00e9cran-2019-01-15-\u00e0-15.32.58-184x300.png' alt='' title='Capture d\u2019\u00e9cran 2019-01-15 \u00e0 15.32.58'  itemprop=\"thumbnailUrl\"  \/><\/a><\/div><\/div><\/div><\/div>\n<style type=\"text\/css\" data-created_by=\"avia_inline_auto\" id=\"style-css-av-cznsz-20658a65ca7e10ae8bf9bdb5964accdc\">\n.flex_column.av-cznsz-20658a65ca7e10ae8bf9bdb5964accdc{\nborder-radius:0px 0px 0px 0px;\n-webkit-border-radius:0px 0px 0px 0px;\n-moz-border-radius:0px 0px 0px 0px;\n}\n<\/style>\n<div class='flex_column av-cznsz-20658a65ca7e10ae8bf9bdb5964accdc av_three_fourth  avia-builder-el-63  el_after_av_one_fourth  avia-builder-el-last  no_margin flex_column_table_cell av-equal-height-column av-align-middle av-zero-column-padding '   ><section class=\"av_textblock_section \"  itemscope=\"itemscope\" itemtype=\"https:\/\/schema.org\/BlogPosting\" itemprop=\"blogPost\" ><div class='avia_textblock  '   itemprop=\"text\" ><h3>T\u00e9l\u00e9chargez\u00a0<strong>gratuitement<\/strong>\u00a0votre guide PDF<\/h3>\n<\/div><\/section><br \/>\n<section class=\"av_textblock_section \"  itemscope=\"itemscope\" itemtype=\"https:\/\/schema.org\/BlogPosting\" itemprop=\"blogPost\" ><div class='avia_textblock  '   itemprop=\"text\" ><p style=\"text-align: left;\">Je vous transmets aujourd\u2019hui ce guide afin de vous offrir quatre outils qui me semblent indispensables dans notre vie quotidienne :<\/p>\n<ul>\n<li><strong>Retrouver le calme int\u00e9rieur<\/strong>,<\/li>\n<li><strong>Augmenter votre taux vibratoire,<\/strong><\/li>\n<li><b>\u00c9quilibrer vos polarit\u00e9s,<\/b><\/li>\n<li><strong>Ainsi que prendre le temps de s\u2019Ancrer.<\/strong><\/li>\n<\/ul>\n<\/div><\/section><br \/>\n<\/p><\/div><\/div><!--close column table wrapper. Autoclose: 1 -->\n<\/div><\/div><\/div><!-- close content main div --><\/div><\/div><div id='after_section_2'  class='main_color av_default_container_wrap container_wrap fullsize'  ><div class='container av-section-cont-open' ><div class='template-page content  av-content-full alpha units'><div class='post-entry post-entry-type-page post-entry-2104'><div class='entry-content-wrapper clearfix'>\n<div   data-autoplay=''  data-interval='5'  data-animation='fade'  data-show_slide_delay='90'  class='avia-content-slider avia-content-slider-active avia-content-slider1 avia-content-slider-even  avia-builder-el-67  el_after_av_section  avia-builder-el-no-sibling  '  itemscope=\"itemscope\" itemtype=\"https:\/\/schema.org\/Blog\" ><div class='avia-content-slider-inner'><div class='slide-entry-wrap'><article class='slide-entry flex_column  post-entry post-entry-2293 slide-entry-overview slide-loop-1 slide-parity-odd  av_one_fourth first real-thumbnail post-format-standard'  itemscope=\"itemscope\" itemtype=\"https:\/\/schema.org\/BlogPosting\" itemprop=\"blogPost\" ><a href='https:\/\/joieinterieure.com\/index.php\/2020\/03\/26\/liberer-votre-esprit-de-toutes-pensees\/' data-rel='slide-1' class='slide-image' title='Lib\u00e9rer votre esprit de toutes pens\u00e9es'><img width=\"260\" height=\"185\" src=\"https:\/\/joieinterieure.com\/wp-content\/uploads\/2019\/01\/masaaki-komori-579102-unsplash-260x185.jpg\" class=\"wp-image-524 avia-img-lazy-loading-not-524 attachment-portfolio_small size-portfolio_small wp-post-image\" alt=\"\" \/><\/a><div class='slide-content'><header class=\"entry-content-header\"><span class=\"blog-categories minor-meta\"><a href=\"https:\/\/joieinterieure.com\/index.php\/category\/spiritualite\/\" rel=\"tag\">Spiritualit\u00e9<\/a> <\/span><h3 class='slide-entry-title entry-title '  itemprop=\"headline\" ><a href='https:\/\/joieinterieure.com\/index.php\/2020\/03\/26\/liberer-votre-esprit-de-toutes-pensees\/' title='Lib\u00e9rer votre esprit de toutes pens\u00e9es'>Lib\u00e9rer votre esprit de toutes pens\u00e9es<\/a><\/h3><span class=\"av-vertical-delimiter\"><\/span><\/header><div class='slide-entry-excerpt entry-content'  itemprop=\"text\" >Ressentir ses pens\u00e9es et se reconnecter \u00e0 sa conscience gr\u00e2ce \u00e0 un exercice facile et rapide \u00e0 exp\u00e9rimenter en quelques minutes. <\/div><\/div><footer class=\"entry-footer\"><div class='slide-meta'><div class='slide-meta-comments'><a href='https:\/\/joieinterieure.com\/index.php\/2020\/03\/26\/liberer-votre-esprit-de-toutes-pensees\/#respond'>0 Commentaires<\/a><\/div><div class='slide-meta-del'>\/<\/div><time class='slide-meta-time updated'  itemprop=\"datePublished\" datetime=\"2020-03-26T17:08:09+01:00\" >26 mars 2020<\/time><\/div><\/footer><span class='hidden'>\n\t\t\t\t<span class='av-structured-data'  itemprop=\"image\" itemscope=\"itemscope\" itemtype=\"https:\/\/schema.org\/ImageObject\" >\n\t\t\t\t\t\t<span itemprop='url'>https:\/\/joieinterieure.com\/wp-content\/uploads\/2019\/01\/masaaki-komori-579102-unsplash.jpg<\/span>\n\t\t\t\t\t\t<span itemprop='height'>4016<\/span>\n\t\t\t\t\t\t<span itemprop='width'>6016<\/span>\n\t\t\t\t<\/span>\n\t\t\t\t<span class='av-structured-data'  itemprop=\"publisher\" itemtype=\"https:\/\/schema.org\/Organization\" itemscope=\"itemscope\" >\n\t\t\t\t\t\t<span itemprop='name'>Am\u00e9lie<\/span>\n\t\t\t\t\t\t<span itemprop='logo' itemscope itemtype='https:\/\/schema.org\/ImageObject'>\n\t\t\t\t\t\t\t<span itemprop='url'>https:\/\/joieinterieure.com\/wp-content\/uploads\/2020\/07\/logo-ad-small.png<\/span>\n\t\t\t\t\t\t <\/span>\n\t\t\t\t<\/span><span class='av-structured-data'  itemprop=\"author\" itemscope=\"itemscope\" itemtype=\"https:\/\/schema.org\/Person\" ><span itemprop='name'>Am\u00e9lie<\/span><\/span><span class='av-structured-data'  itemprop=\"datePublished\" datetime=\"2019-07-29T12:40:24+02:00\" >2020-03-26 17:08:09<\/span><span class='av-structured-data'  itemprop=\"dateModified\" itemtype=\"https:\/\/schema.org\/dateModified\" >2020-03-26 17:34:35<\/span><span class='av-structured-data'  itemprop=\"mainEntityOfPage\" itemtype=\"https:\/\/schema.org\/mainEntityOfPage\" ><span itemprop='name'>Lib\u00e9rer votre esprit de toutes pens\u00e9es<\/span><\/span><\/span><\/article><article class='slide-entry flex_column  post-entry post-entry-2242 slide-entry-overview slide-loop-2 slide-parity-even  av_one_fourth  real-thumbnail post-format-standard'  itemscope=\"itemscope\" itemtype=\"https:\/\/schema.org\/BlogPosting\" itemprop=\"blogPost\" ><a href='https:\/\/joieinterieure.com\/index.php\/2020\/01\/22\/le-tarot-psychologique-kesako\/' data-rel='slide-1' class='slide-image' title='Le Tarot Psychologique kesako ?'><img width=\"260\" height=\"185\" src=\"https:\/\/joieinterieure.com\/wp-content\/uploads\/2020\/01\/LE-TAROT-260x185.png\" class=\"wp-image-2243 avia-img-lazy-loading-not-2243 attachment-portfolio_small size-portfolio_small wp-post-image\" alt=\"tarot psychologique\" \/><small class='avia-copyright'>tarot<\/small><\/a><div class='slide-content'><header class=\"entry-content-header\"><span class=\"blog-categories minor-meta\"><a href=\"https:\/\/joieinterieure.com\/index.php\/category\/spiritualite\/\" rel=\"tag\">Spiritualit\u00e9<\/a> <\/span><h3 class='slide-entry-title entry-title '  itemprop=\"headline\" ><a href='https:\/\/joieinterieure.com\/index.php\/2020\/01\/22\/le-tarot-psychologique-kesako\/' title='Le Tarot Psychologique kesako ?'>Le Tarot Psychologique kesako ?<\/a><\/h3><span class=\"av-vertical-delimiter\"><\/span><\/header><div class='slide-entry-excerpt entry-content'  itemprop=\"text\" >Le tarot psychologique est un outil de connaissance de soi afin d'y voir plus clair sur notre chemin pr\u00e9sent. Il n'est pas question de voyance mais de clarification sur une situation. <\/div><\/div><footer class=\"entry-footer\"><div class='slide-meta'><div class='slide-meta-comments'><a href='https:\/\/joieinterieure.com\/index.php\/2020\/01\/22\/le-tarot-psychologique-kesako\/#respond'>0 Commentaires<\/a><\/div><div class='slide-meta-del'>\/<\/div><time class='slide-meta-time updated'  itemprop=\"datePublished\" datetime=\"2020-01-22T16:17:51+01:00\" >22 janvier 2020<\/time><\/div><\/footer><span class='hidden'>\n\t\t\t\t<span class='av-structured-data'  itemprop=\"image\" itemscope=\"itemscope\" itemtype=\"https:\/\/schema.org\/ImageObject\" >\n\t\t\t\t\t\t<span itemprop='url'>https:\/\/joieinterieure.com\/wp-content\/uploads\/2020\/01\/LE-TAROT.png<\/span>\n\t\t\t\t\t\t<span itemprop='height'>1080<\/span>\n\t\t\t\t\t\t<span itemprop='width'>1080<\/span>\n\t\t\t\t<\/span>\n\t\t\t\t<span class='av-structured-data'  itemprop=\"publisher\" itemtype=\"https:\/\/schema.org\/Organization\" itemscope=\"itemscope\" >\n\t\t\t\t\t\t<span itemprop='name'>Am\u00e9lie<\/span>\n\t\t\t\t\t\t<span itemprop='logo' itemscope itemtype='https:\/\/schema.org\/ImageObject'>\n\t\t\t\t\t\t\t<span itemprop='url'>https:\/\/joieinterieure.com\/wp-content\/uploads\/2020\/07\/logo-ad-small.png<\/span>\n\t\t\t\t\t\t <\/span>\n\t\t\t\t<\/span><span class='av-structured-data'  itemprop=\"author\" itemscope=\"itemscope\" itemtype=\"https:\/\/schema.org\/Person\" ><span itemprop='name'>Am\u00e9lie<\/span><\/span><span class='av-structured-data'  itemprop=\"datePublished\" datetime=\"2019-07-29T12:40:24+02:00\" >2020-01-22 16:17:51<\/span><span class='av-structured-data'  itemprop=\"dateModified\" itemtype=\"https:\/\/schema.org\/dateModified\" >2020-03-06 14:18:29<\/span><span class='av-structured-data'  itemprop=\"mainEntityOfPage\" itemtype=\"https:\/\/schema.org\/mainEntityOfPage\" ><span itemprop='name'>Le Tarot Psychologique kesako ?<\/span><\/span><\/span><\/article><article class='slide-entry flex_column  post-entry post-entry-2213 slide-entry-overview slide-loop-3 slide-parity-odd  av_one_fourth  real-thumbnail post-format-standard'  itemscope=\"itemscope\" itemtype=\"https:\/\/schema.org\/BlogPosting\" itemprop=\"blogPost\" ><a href='https:\/\/joieinterieure.com\/index.php\/2020\/01\/09\/devenir-responsable-de-soi\/' data-rel='slide-1' class='slide-image' title='Devenir responsable de soi'><img width=\"260\" height=\"185\" src=\"https:\/\/joieinterieure.com\/wp-content\/uploads\/2020\/01\/Sans-titre-3-260x185.png\" class=\"wp-image-2217 avia-img-lazy-loading-not-2217 attachment-portfolio_small size-portfolio_small wp-post-image\" alt=\"Amour de soi\" \/><small class='avia-copyright'>amour de soi<\/small><\/a><div class='slide-content'><header class=\"entry-content-header\"><span class=\"blog-categories minor-meta\"><a href=\"https:\/\/joieinterieure.com\/index.php\/category\/spiritualite\/\" rel=\"tag\">Spiritualit\u00e9<\/a> <\/span><h3 class='slide-entry-title entry-title '  itemprop=\"headline\" ><a href='https:\/\/joieinterieure.com\/index.php\/2020\/01\/09\/devenir-responsable-de-soi\/' title='Devenir responsable de soi'>Devenir responsable de soi<\/a><\/h3><span class=\"av-vertical-delimiter\"><\/span><\/header><div class='slide-entry-excerpt entry-content'  itemprop=\"text\" >Devenir responsable de soi est le plus beau cadeau que l\u2019on peut offrir \u00e0 la plan\u00e8te, au monde et \u00e0 nous-m\u00eame. Si nous ne sommes pas en paix \u00e0 l\u2019int\u00e9rieur nos interventions ext\u00e9rieures ne seront pas g\u00e9n\u00e9ratrices de notre volont\u00e9 originelle.<\/div><\/div><footer class=\"entry-footer\"><div class='slide-meta'><div class='slide-meta-comments'><a href='https:\/\/joieinterieure.com\/index.php\/2020\/01\/09\/devenir-responsable-de-soi\/#respond'>0 Commentaires<\/a><\/div><div class='slide-meta-del'>\/<\/div><time class='slide-meta-time updated'  itemprop=\"datePublished\" datetime=\"2020-01-09T17:38:02+01:00\" >9 janvier 2020<\/time><\/div><\/footer><span class='hidden'>\n\t\t\t\t<span class='av-structured-data'  itemprop=\"image\" itemscope=\"itemscope\" itemtype=\"https:\/\/schema.org\/ImageObject\" >\n\t\t\t\t\t\t<span itemprop='url'>https:\/\/joieinterieure.com\/wp-content\/uploads\/2020\/01\/Sans-titre-3.png<\/span>\n\t\t\t\t\t\t<span itemprop='height'>1080<\/span>\n\t\t\t\t\t\t<span itemprop='width'>1080<\/span>\n\t\t\t\t<\/span>\n\t\t\t\t<span class='av-structured-data'  itemprop=\"publisher\" itemtype=\"https:\/\/schema.org\/Organization\" itemscope=\"itemscope\" >\n\t\t\t\t\t\t<span itemprop='name'>Am\u00e9lie<\/span>\n\t\t\t\t\t\t<span itemprop='logo' itemscope itemtype='https:\/\/schema.org\/ImageObject'>\n\t\t\t\t\t\t\t<span itemprop='url'>https:\/\/joieinterieure.com\/wp-content\/uploads\/2020\/07\/logo-ad-small.png<\/span>\n\t\t\t\t\t\t <\/span>\n\t\t\t\t<\/span><span class='av-structured-data'  itemprop=\"author\" itemscope=\"itemscope\" itemtype=\"https:\/\/schema.org\/Person\" ><span itemprop='name'>Am\u00e9lie<\/span><\/span><span class='av-structured-data'  itemprop=\"datePublished\" datetime=\"2019-07-29T12:40:24+02:00\" >2020-01-09 17:38:02<\/span><span class='av-structured-data'  itemprop=\"dateModified\" itemtype=\"https:\/\/schema.org\/dateModified\" >2020-01-13 16:15:55<\/span><span class='av-structured-data'  itemprop=\"mainEntityOfPage\" itemtype=\"https:\/\/schema.org\/mainEntityOfPage\" ><span itemprop='name'>Devenir responsable de soi<\/span><\/span><\/span><\/article><article class='slide-entry flex_column  post-entry post-entry-2177 slide-entry-overview slide-loop-4 slide-parity-even  av_one_fourth  real-thumbnail post-format-standard'  itemscope=\"itemscope\" itemtype=\"https:\/\/schema.org\/BlogPosting\" itemprop=\"blogPost\" ><a href='https:\/\/joieinterieure.com\/index.php\/2019\/11\/06\/la-trichotherapy-un-veritable-soin-energetique-a-travers-tes-cheveux\/' data-rel='slide-1' class='slide-image' title='La Trichotherapy, un v\u00e9ritable soin \u00e9nerg\u00e9tique \u00e0 travers tes cheveux'><img width=\"260\" height=\"185\" src=\"https:\/\/joieinterieure.com\/wp-content\/uploads\/2019\/11\/IMG_20191106_151647-260x185.jpg\" class=\"wp-image-2186 avia-img-lazy-loading-not-2186 attachment-portfolio_small size-portfolio_small wp-post-image\" alt=\"Am\u00e9lie DUCROCQ Energ\u00e9ticienne\" \/><\/a><div class='slide-content'><header class=\"entry-content-header\"><span class=\"blog-categories minor-meta\"><a href=\"https:\/\/joieinterieure.com\/index.php\/category\/spiritualite\/\" rel=\"tag\">Spiritualit\u00e9<\/a> <\/span><h3 class='slide-entry-title entry-title '  itemprop=\"headline\" ><a href='https:\/\/joieinterieure.com\/index.php\/2019\/11\/06\/la-trichotherapy-un-veritable-soin-energetique-a-travers-tes-cheveux\/' title='La Trichotherapy, un v\u00e9ritable soin \u00e9nerg\u00e9tique \u00e0 travers tes cheveux'>La Trichotherapy, un v\u00e9ritable soin \u00e9nerg\u00e9tique \u00e0 travers tes cheveux<\/a><\/h3><span class=\"av-vertical-delimiter\"><\/span><\/header><div class='slide-entry-excerpt entry-content'  itemprop=\"text\" >L\u2019id\u00e9e de me faire couper les cheveux au sabre ne m\u2019a pas tout de suite s\u00e9duite de prime \u00e0 bord. Mais lorsque j'ai su qu\u2019il s\u2019agissait bien plus qu\u2019une simple coupe de cheveux, cela m\u2019a bien sur s\u00e9duite rapidement. Un v\u00e9ritable soin de l'\u00e2me. <\/div><\/div><footer class=\"entry-footer\"><div class='slide-meta'><div class='slide-meta-comments'><a href='https:\/\/joieinterieure.com\/index.php\/2019\/11\/06\/la-trichotherapy-un-veritable-soin-energetique-a-travers-tes-cheveux\/#comments'>1 Commentaire<\/a><\/div><div class='slide-meta-del'>\/<\/div><time class='slide-meta-time updated'  itemprop=\"datePublished\" datetime=\"2019-11-06T16:20:06+01:00\" >6 novembre 2019<\/time><\/div><\/footer><span class='hidden'>\n\t\t\t\t<span class='av-structured-data'  itemprop=\"image\" itemscope=\"itemscope\" itemtype=\"https:\/\/schema.org\/ImageObject\" >\n\t\t\t\t\t\t<span itemprop='url'>https:\/\/joieinterieure.com\/wp-content\/uploads\/2019\/11\/IMG_20191106_151647.jpg<\/span>\n\t\t\t\t\t\t<span itemprop='height'>5632<\/span>\n\t\t\t\t\t\t<span itemprop='width'>4224<\/span>\n\t\t\t\t<\/span>\n\t\t\t\t<span class='av-structured-data'  itemprop=\"publisher\" itemtype=\"https:\/\/schema.org\/Organization\" itemscope=\"itemscope\" >\n\t\t\t\t\t\t<span itemprop='name'>Am\u00e9lie<\/span>\n\t\t\t\t\t\t<span itemprop='logo' itemscope itemtype='https:\/\/schema.org\/ImageObject'>\n\t\t\t\t\t\t\t<span itemprop='url'>https:\/\/joieinterieure.com\/wp-content\/uploads\/2020\/07\/logo-ad-small.png<\/span>\n\t\t\t\t\t\t <\/span>\n\t\t\t\t<\/span><span class='av-structured-data'  itemprop=\"author\" itemscope=\"itemscope\" itemtype=\"https:\/\/schema.org\/Person\" ><span itemprop='name'>Am\u00e9lie<\/span><\/span><span class='av-structured-data'  itemprop=\"datePublished\" datetime=\"2019-07-29T12:40:24+02:00\" >2019-11-06 16:20:06<\/span><span class='av-structured-data'  itemprop=\"dateModified\" itemtype=\"https:\/\/schema.org\/dateModified\" >2020-01-09 20:39:09<\/span><span class='av-structured-data'  itemprop=\"mainEntityOfPage\" itemtype=\"https:\/\/schema.org\/mainEntityOfPage\" ><span itemprop='name'>La Trichotherapy, un v\u00e9ritable soin \u00e9nerg\u00e9tique \u00e0 travers tes cheveux<\/span><\/span><\/span><\/article><\/div><div class='slide-entry-wrap'><article class='slide-entry flex_column  post-entry post-entry-2104 slide-entry-overview slide-loop-5 slide-parity-odd  av_one_fourth first real-thumbnail post-format-standard'  itemscope=\"itemscope\" itemtype=\"https:\/\/schema.org\/BlogPosting\" itemprop=\"blogPost\" ><a href='https:\/\/joieinterieure.com\/index.php\/2019\/07\/29\/eau-memoire-energies-subtils\/' data-rel='slide-1' class='slide-image' title='Le pouvoir de l&rsquo;eau?'><img width=\"260\" height=\"185\" src=\"https:\/\/joieinterieure.com\/wp-content\/uploads\/2019\/07\/johnny-brown-V-afy242gY4-unsplash-260x185.jpg\" class=\"wp-image-2119 avia-img-lazy-loading-not-2119 attachment-portfolio_small size-portfolio_small wp-post-image\" alt=\"la m\u00e9moire de l&#039;eau\" \/><\/a><div class='slide-content'><header class=\"entry-content-header\"><span class=\"blog-categories minor-meta\"><a href=\"https:\/\/joieinterieure.com\/index.php\/category\/spiritualite\/\" rel=\"tag\">Spiritualit\u00e9<\/a> <\/span><h3 class='slide-entry-title entry-title '  itemprop=\"headline\" ><a href='https:\/\/joieinterieure.com\/index.php\/2019\/07\/29\/eau-memoire-energies-subtils\/' title='Le pouvoir de l&rsquo;eau?'>Le pouvoir de l&rsquo;eau?<\/a><\/h3><span class=\"av-vertical-delimiter\"><\/span><\/header><div class='slide-entry-excerpt entry-content'  itemprop=\"text\" >L\u2019eau est une \u00e9nergie, elle est sensible aux \u00e9nergies subtiles. Elle sent et ressent les informations autour d\u2019elle. Elle porte en elle des informations.<\/div><\/div><footer class=\"entry-footer\"><div class='slide-meta'><div class='slide-meta-comments'><a href='https:\/\/joieinterieure.com\/index.php\/2019\/07\/29\/eau-memoire-energies-subtils\/#comments'>1 Commentaire<\/a><\/div><div class='slide-meta-del'>\/<\/div><time class='slide-meta-time updated'  itemprop=\"datePublished\" datetime=\"2019-07-29T12:40:24+02:00\" >29 juillet 2019<\/time><\/div><\/footer><span class='hidden'>\n\t\t\t\t<span class='av-structured-data'  itemprop=\"image\" itemscope=\"itemscope\" itemtype=\"https:\/\/schema.org\/ImageObject\" >\n\t\t\t\t\t\t<span itemprop='url'>https:\/\/joieinterieure.com\/wp-content\/uploads\/2019\/07\/johnny-brown-V-afy242gY4-unsplash.jpg<\/span>\n\t\t\t\t\t\t<span itemprop='height'>3790<\/span>\n\t\t\t\t\t\t<span itemprop='width'>5677<\/span>\n\t\t\t\t<\/span>\n\t\t\t\t<span class='av-structured-data'  itemprop=\"publisher\" itemtype=\"https:\/\/schema.org\/Organization\" itemscope=\"itemscope\" >\n\t\t\t\t\t\t<span itemprop='name'>Am\u00e9lie<\/span>\n\t\t\t\t\t\t<span itemprop='logo' itemscope itemtype='https:\/\/schema.org\/ImageObject'>\n\t\t\t\t\t\t\t<span itemprop='url'>https:\/\/joieinterieure.com\/wp-content\/uploads\/2020\/07\/logo-ad-small.png<\/span>\n\t\t\t\t\t\t <\/span>\n\t\t\t\t<\/span><span class='av-structured-data'  itemprop=\"author\" itemscope=\"itemscope\" itemtype=\"https:\/\/schema.org\/Person\" ><span itemprop='name'>Am\u00e9lie<\/span><\/span><span class='av-structured-data'  itemprop=\"datePublished\" datetime=\"2019-07-29T12:40:24+02:00\" >2019-07-29 12:40:24<\/span><span class='av-structured-data'  itemprop=\"dateModified\" itemtype=\"https:\/\/schema.org\/dateModified\" >2020-01-09 20:41:35<\/span><span class='av-structured-data'  itemprop=\"mainEntityOfPage\" itemtype=\"https:\/\/schema.org\/mainEntityOfPage\" ><span itemprop='name'>Le pouvoir de l&rsquo;eau?<\/span><\/span><\/span><\/article><article class='slide-entry flex_column  post-entry post-entry-1551 slide-entry-overview slide-loop-6 slide-parity-even  av_one_fourth  real-thumbnail post-format-standard'  itemscope=\"itemscope\" itemtype=\"https:\/\/schema.org\/BlogPosting\" itemprop=\"blogPost\" ><a href='https:\/\/joieinterieure.com\/index.php\/2019\/03\/14\/ancrage\/' data-rel='slide-1' class='slide-image' title='Pourquoi travailler son ancrage ?'><img width=\"260\" height=\"185\" src=\"https:\/\/joieinterieure.com\/wp-content\/uploads\/2019\/03\/IMG-20190724-WA0013-260x185.jpg\" class=\"wp-image-2061 avia-img-lazy-loading-not-2061 attachment-portfolio_small size-portfolio_small wp-post-image\" alt=\"\" \/><\/a><div class='slide-content'><header class=\"entry-content-header\"><span class=\"blog-categories minor-meta\"><a href=\"https:\/\/joieinterieure.com\/index.php\/category\/spiritualite\/\" rel=\"tag\">Spiritualit\u00e9<\/a> <\/span><h3 class='slide-entry-title entry-title '  itemprop=\"headline\" ><a href='https:\/\/joieinterieure.com\/index.php\/2019\/03\/14\/ancrage\/' title='Pourquoi travailler son ancrage ?'>Pourquoi travailler son ancrage ?<\/a><\/h3><span class=\"av-vertical-delimiter\"><\/span><\/header><div class='slide-entry-excerpt entry-content'  itemprop=\"text\" >L\u2019ancrage permet d\u2019\u00eatre pr\u00e9sent \u00e0 ce que l\u2019on fait, de profiter de chaque moment, de chaque instant de la vie mais aussi d\u2019\u00eatre plus solide pour avancer dans la vie.<\/div><\/div><footer class=\"entry-footer\"><div class='slide-meta'><div class='slide-meta-comments'><a href='https:\/\/joieinterieure.com\/index.php\/2019\/03\/14\/ancrage\/#respond'>0 Commentaires<\/a><\/div><div class='slide-meta-del'>\/<\/div><time class='slide-meta-time updated'  itemprop=\"datePublished\" datetime=\"2019-03-14T16:28:59+01:00\" >14 mars 2019<\/time><\/div><\/footer><span class='hidden'>\n\t\t\t\t<span class='av-structured-data'  itemprop=\"image\" itemscope=\"itemscope\" itemtype=\"https:\/\/schema.org\/ImageObject\" >\n\t\t\t\t\t\t<span itemprop='url'>https:\/\/joieinterieure.com\/wp-content\/uploads\/2019\/03\/IMG-20190724-WA0013.jpg<\/span>\n\t\t\t\t\t\t<span itemprop='height'>1129<\/span>\n\t\t\t\t\t\t<span itemprop='width'>765<\/span>\n\t\t\t\t<\/span>\n\t\t\t\t<span class='av-structured-data'  itemprop=\"publisher\" itemtype=\"https:\/\/schema.org\/Organization\" itemscope=\"itemscope\" >\n\t\t\t\t\t\t<span itemprop='name'>Am\u00e9lie<\/span>\n\t\t\t\t\t\t<span itemprop='logo' itemscope itemtype='https:\/\/schema.org\/ImageObject'>\n\t\t\t\t\t\t\t<span itemprop='url'>https:\/\/joieinterieure.com\/wp-content\/uploads\/2020\/07\/logo-ad-small.png<\/span>\n\t\t\t\t\t\t <\/span>\n\t\t\t\t<\/span><span class='av-structured-data'  itemprop=\"author\" itemscope=\"itemscope\" itemtype=\"https:\/\/schema.org\/Person\" ><span itemprop='name'>Am\u00e9lie<\/span><\/span><span class='av-structured-data'  itemprop=\"datePublished\" datetime=\"2019-07-29T12:40:24+02:00\" >2019-03-14 16:28:59<\/span><span class='av-structured-data'  itemprop=\"dateModified\" itemtype=\"https:\/\/schema.org\/dateModified\" >2019-07-25 14:00:37<\/span><span class='av-structured-data'  itemprop=\"mainEntityOfPage\" itemtype=\"https:\/\/schema.org\/mainEntityOfPage\" ><span itemprop='name'>Pourquoi travailler son ancrage ?<\/span><\/span><\/span><\/article><article class='slide-entry flex_column  post-entry post-entry-1449 slide-entry-overview slide-loop-7 slide-parity-odd  av_one_fourth  real-thumbnail post-format-standard'  itemscope=\"itemscope\" itemtype=\"https:\/\/schema.org\/BlogPosting\" itemprop=\"blogPost\" ><a href='https:\/\/joieinterieure.com\/index.php\/2019\/03\/02\/son-enfant-interieur\/' data-rel='slide-1' class='slide-image' title='Rencontrer son enfant int\u00e9rieur: Pourquoi donc ?'><img width=\"260\" height=\"185\" src=\"https:\/\/joieinterieure.com\/wp-content\/uploads\/2019\/03\/ben-white-128604-unsplash-260x185.jpg\" class=\"wp-image-1451 avia-img-lazy-loading-not-1451 attachment-portfolio_small size-portfolio_small wp-post-image\" alt=\"\" \/><\/a><div class='slide-content'><header class=\"entry-content-header\"><span class=\"blog-categories minor-meta\"><a href=\"https:\/\/joieinterieure.com\/index.php\/category\/spiritualite\/\" rel=\"tag\">Spiritualit\u00e9<\/a> <\/span><h3 class='slide-entry-title entry-title '  itemprop=\"headline\" ><a href='https:\/\/joieinterieure.com\/index.php\/2019\/03\/02\/son-enfant-interieur\/' title='Rencontrer son enfant int\u00e9rieur: Pourquoi donc ?'>Rencontrer son enfant int\u00e9rieur: Pourquoi donc ?<\/a><\/h3><span class=\"av-vertical-delimiter\"><\/span><\/header><div class='slide-entry-excerpt entry-content'  itemprop=\"text\" >Notre enfant int\u00e9rieur est un \u00eatre authentique, spontan\u00e9 et confiant. Il peut accueillir toutes les \u00e9motions sans ce juger. Sans juger en bien et en mal ces comportements.\n\nTravailler avec son enfant int\u00e9rieur est un outil de transformation personnel.<\/div><\/div><footer class=\"entry-footer\"><div class='slide-meta'><div class='slide-meta-comments'><a href='https:\/\/joieinterieure.com\/index.php\/2019\/03\/02\/son-enfant-interieur\/#comments'>3 Commentaires<\/a><\/div><div class='slide-meta-del'>\/<\/div><time class='slide-meta-time updated'  itemprop=\"datePublished\" datetime=\"2019-03-02T16:10:27+01:00\" >2 mars 2019<\/time><\/div><\/footer><span class='hidden'>\n\t\t\t\t<span class='av-structured-data'  itemprop=\"image\" itemscope=\"itemscope\" itemtype=\"https:\/\/schema.org\/ImageObject\" >\n\t\t\t\t\t\t<span itemprop='url'>https:\/\/joieinterieure.com\/wp-content\/uploads\/2019\/03\/ben-white-128604-unsplash.jpg<\/span>\n\t\t\t\t\t\t<span itemprop='height'>4016<\/span>\n\t\t\t\t\t\t<span itemprop='width'>6016<\/span>\n\t\t\t\t<\/span>\n\t\t\t\t<span class='av-structured-data'  itemprop=\"publisher\" itemtype=\"https:\/\/schema.org\/Organization\" itemscope=\"itemscope\" >\n\t\t\t\t\t\t<span itemprop='name'>Am\u00e9lie<\/span>\n\t\t\t\t\t\t<span itemprop='logo' itemscope itemtype='https:\/\/schema.org\/ImageObject'>\n\t\t\t\t\t\t\t<span itemprop='url'>https:\/\/joieinterieure.com\/wp-content\/uploads\/2020\/07\/logo-ad-small.png<\/span>\n\t\t\t\t\t\t <\/span>\n\t\t\t\t<\/span><span class='av-structured-data'  itemprop=\"author\" itemscope=\"itemscope\" itemtype=\"https:\/\/schema.org\/Person\" ><span itemprop='name'>Am\u00e9lie<\/span><\/span><span class='av-structured-data'  itemprop=\"datePublished\" datetime=\"2019-07-29T12:40:24+02:00\" >2019-03-02 16:10:27<\/span><span class='av-structured-data'  itemprop=\"dateModified\" itemtype=\"https:\/\/schema.org\/dateModified\" >2019-04-17 15:21:44<\/span><span class='av-structured-data'  itemprop=\"mainEntityOfPage\" itemtype=\"https:\/\/schema.org\/mainEntityOfPage\" ><span itemprop='name'>Rencontrer son enfant int\u00e9rieur: Pourquoi donc ?<\/span><\/span><\/span><\/article><article class='slide-entry flex_column  post-entry post-entry-1125 slide-entry-overview slide-loop-8 slide-parity-even  av_one_fourth  real-thumbnail post-format-standard'  itemscope=\"itemscope\" itemtype=\"https:\/\/schema.org\/BlogPosting\" itemprop=\"blogPost\" ><a href='https:\/\/joieinterieure.com\/index.php\/2019\/02\/11\/magnetiseur-savigny-sur-orge\/' data-rel='slide-1' class='slide-image' title='Une nouvelle exp\u00e9rience dans le magn\u00e9tisme: comment \u00e7a fonctionne ?'><img width=\"260\" height=\"185\" src=\"https:\/\/joieinterieure.com\/wp-content\/uploads\/2019\/02\/aaron-blanco-tejedor-270469-unsplash-260x185.jpg\" class=\"wp-image-1126 avia-img-lazy-loading-not-1126 attachment-portfolio_small size-portfolio_small wp-post-image\" alt=\"\" \/><small class='avia-copyright'>magn\u00e9tiseur <\/small><\/a><div class='slide-content'><header class=\"entry-content-header\"><span class=\"blog-categories minor-meta\"><a href=\"https:\/\/joieinterieure.com\/index.php\/category\/spiritualite\/\" rel=\"tag\">Spiritualit\u00e9<\/a> <\/span><h3 class='slide-entry-title entry-title '  itemprop=\"headline\" ><a href='https:\/\/joieinterieure.com\/index.php\/2019\/02\/11\/magnetiseur-savigny-sur-orge\/' title='Une nouvelle exp\u00e9rience dans le magn\u00e9tisme: comment \u00e7a fonctionne ?'>Une nouvelle exp\u00e9rience dans le magn\u00e9tisme: comment \u00e7a fonctionne ?<\/a><\/h3><span class=\"av-vertical-delimiter\"><\/span><\/header><div class='slide-entry-excerpt entry-content'  itemprop=\"text\" >Nous avons tous en nous du magn\u00e9tisme mais pour pouvoir apporter l\u2019aide \u00e0 la gu\u00e9rison il est n\u00e9cessaire de se trouver dans un \u00e9tat d\u2019esprit positif, car tout provient de l\u2019intention positive que l\u2019on partage avec la personne magn\u00e9tis\u00e9e. \n<\/div><\/div><footer class=\"entry-footer\"><div class='slide-meta'><div class='slide-meta-comments'><a href='https:\/\/joieinterieure.com\/index.php\/2019\/02\/11\/magnetiseur-savigny-sur-orge\/#respond'>0 Commentaires<\/a><\/div><div class='slide-meta-del'>\/<\/div><time class='slide-meta-time updated'  itemprop=\"datePublished\" datetime=\"2019-02-11T14:20:55+01:00\" >11 f\u00e9vrier 2019<\/time><\/div><\/footer><span class='hidden'>\n\t\t\t\t<span class='av-structured-data'  itemprop=\"image\" itemscope=\"itemscope\" itemtype=\"https:\/\/schema.org\/ImageObject\" >\n\t\t\t\t\t\t<span itemprop='url'>https:\/\/joieinterieure.com\/wp-content\/uploads\/2019\/02\/aaron-blanco-tejedor-270469-unsplash.jpg<\/span>\n\t\t\t\t\t\t<span itemprop='height'>3264<\/span>\n\t\t\t\t\t\t<span itemprop='width'>4928<\/span>\n\t\t\t\t<\/span>\n\t\t\t\t<span class='av-structured-data'  itemprop=\"publisher\" itemtype=\"https:\/\/schema.org\/Organization\" itemscope=\"itemscope\" >\n\t\t\t\t\t\t<span itemprop='name'>Am\u00e9lie<\/span>\n\t\t\t\t\t\t<span itemprop='logo' itemscope itemtype='https:\/\/schema.org\/ImageObject'>\n\t\t\t\t\t\t\t<span itemprop='url'>https:\/\/joieinterieure.com\/wp-content\/uploads\/2020\/07\/logo-ad-small.png<\/span>\n\t\t\t\t\t\t <\/span>\n\t\t\t\t<\/span><span class='av-structured-data'  itemprop=\"author\" itemscope=\"itemscope\" itemtype=\"https:\/\/schema.org\/Person\" ><span itemprop='name'>Am\u00e9lie<\/span><\/span><span class='av-structured-data'  itemprop=\"datePublished\" datetime=\"2019-07-29T12:40:24+02:00\" >2019-02-11 14:20:55<\/span><span class='av-structured-data'  itemprop=\"dateModified\" itemtype=\"https:\/\/schema.org\/dateModified\" >2019-04-17 15:23:19<\/span><span class='av-structured-data'  itemprop=\"mainEntityOfPage\" itemtype=\"https:\/\/schema.org\/mainEntityOfPage\" ><span itemprop='name'>Une nouvelle exp\u00e9rience dans le magn\u00e9tisme: comment \u00e7a fonctionne ?<\/span><\/span><\/span><\/article><\/div><div class='slide-entry-wrap'><article class='slide-entry flex_column  post-entry post-entry-68 slide-entry-overview slide-loop-9 slide-parity-odd  post-entry-last  av_one_fourth first real-thumbnail post-format-standard'  itemscope=\"itemscope\" itemtype=\"https:\/\/schema.org\/BlogPosting\" itemprop=\"blogPost\" ><a href='https:\/\/joieinterieure.com\/index.php\/2018\/12\/05\/energeticienne-savigny-sur-orge\/' data-rel='slide-1' class='slide-image' title='Les chakras , l&rsquo;aura, les m\u00e9ridiens : kesaco??'><img width=\"260\" height=\"185\" src=\"https:\/\/joieinterieure.com\/wp-content\/uploads\/2014\/08\/sharon-mccutcheon-663633-unsplash-1-260x185.jpg\" class=\"wp-image-1106 avia-img-lazy-loading-not-1106 attachment-portfolio_small size-portfolio_small wp-post-image\" alt=\"\" \/><\/a><div class='slide-content'><header class=\"entry-content-header\"><span class=\"blog-categories minor-meta\"><a href=\"https:\/\/joieinterieure.com\/index.php\/category\/spiritualite\/\" rel=\"tag\">Spiritualit\u00e9<\/a> <\/span><h3 class='slide-entry-title entry-title '  itemprop=\"headline\" ><a href='https:\/\/joieinterieure.com\/index.php\/2018\/12\/05\/energeticienne-savigny-sur-orge\/' title='Les chakras , l&rsquo;aura, les m\u00e9ridiens : kesaco??'>Les chakras , l&rsquo;aura, les m\u00e9ridiens : kesaco??<\/a><\/h3><span class=\"av-vertical-delimiter\"><\/span><\/header><div class='slide-entry-excerpt entry-content'  itemprop=\"text\" >Le syst\u00e8me \u00e9nerg\u00e9tique est l\u2019activit\u00e9 du corps humain, sans celui-ci, il ne peut y avoir de vie.\n\nNotre corps \u00e9nerg\u00e9tique est compos\u00e9 d\u2019une multitudes d\u2019\u00e9l\u00e9ments qui lui permette de bien fonctionner. Nous allons nous int\u00e9resser ici \u00e0 notre aura, nos chakras et aux nadis afin d\u2019y voir un peu plus clair.<\/div><\/div><footer class=\"entry-footer\"><div class='slide-meta'><div class='slide-meta-comments'><a href='https:\/\/joieinterieure.com\/index.php\/2018\/12\/05\/energeticienne-savigny-sur-orge\/#respond'>0 Commentaires<\/a><\/div><div class='slide-meta-del'>\/<\/div><time class='slide-meta-time updated'  itemprop=\"datePublished\" datetime=\"2018-12-05T18:56:26+01:00\" >5 d\u00e9cembre 2018<\/time><\/div><\/footer><span class='hidden'>\n\t\t\t\t<span class='av-structured-data'  itemprop=\"image\" itemscope=\"itemscope\" itemtype=\"https:\/\/schema.org\/ImageObject\" >\n\t\t\t\t\t\t<span itemprop='url'>https:\/\/joieinterieure.com\/wp-content\/uploads\/2014\/08\/sharon-mccutcheon-663633-unsplash-1.jpg<\/span>\n\t\t\t\t\t\t<span itemprop='height'>3744<\/span>\n\t\t\t\t\t\t<span itemprop='width'>5616<\/span>\n\t\t\t\t<\/span>\n\t\t\t\t<span class='av-structured-data'  itemprop=\"publisher\" itemtype=\"https:\/\/schema.org\/Organization\" itemscope=\"itemscope\" >\n\t\t\t\t\t\t<span itemprop='name'>Am\u00e9lie<\/span>\n\t\t\t\t\t\t<span itemprop='logo' itemscope itemtype='https:\/\/schema.org\/ImageObject'>\n\t\t\t\t\t\t\t<span itemprop='url'>https:\/\/joieinterieure.com\/wp-content\/uploads\/2020\/07\/logo-ad-small.png<\/span>\n\t\t\t\t\t\t <\/span>\n\t\t\t\t<\/span><span class='av-structured-data'  itemprop=\"author\" itemscope=\"itemscope\" itemtype=\"https:\/\/schema.org\/Person\" ><span itemprop='name'>Am\u00e9lie<\/span><\/span><span class='av-structured-data'  itemprop=\"datePublished\" datetime=\"2019-07-29T12:40:24+02:00\" >2018-12-05 18:56:26<\/span><span class='av-structured-data'  itemprop=\"dateModified\" itemtype=\"https:\/\/schema.org\/dateModified\" >2019-04-17 15:24:09<\/span><span class='av-structured-data'  itemprop=\"mainEntityOfPage\" itemtype=\"https:\/\/schema.org\/mainEntityOfPage\" ><span itemprop='name'>Les chakras , l&rsquo;aura, les m\u00e9ridiens : kesaco??<\/span><\/span><\/span><\/article><\/div><\/div><div class='avia-slideshow-arrows avia-slideshow-controls' ><a href='#prev' class='prev-slide ' aria-hidden='true' data-av_icon='\ue87c' data-av_iconfont='entypo-fontello' aria-hidden='true' tabindex='-1'>Pr\u00e9c\u00e9dent<\/a><a href='#next' class='next-slide ' aria-hidden='true' data-av_icon='\ue87d' data-av_iconfont='entypo-fontello' aria-hidden='true' tabindex='-1'>Suivant<\/a><\/div><\/div>\n","protected":false},"excerpt":{"rendered":"<p>L\u2019eau est une \u00e9nergie, elle est sensible aux \u00e9nergies subtiles. Elle sent et ressent les informations autour d\u2019elle. Elle porte en elle des informations.<\/p>\n","protected":false},"author":1,"featured_media":2119,"comment_status":"open","ping_status":"open","sticky":false,"template":"","format":"standard","meta":{"_mi_skip_tracking":false},"categories":[14],"tags":[],"yoast_head":"<!-- This site is optimized with the Yoast SEO plugin v19.7.1 - https:\/\/yoast.com\/wordpress\/plugins\/seo\/ -->\n<title>Le pouvoir de l&#039;eau? - Joie Int\u00e9rieure<\/title>\n<meta name=\"description\" content=\"L\u2019eau est une \u00e9nergie, elle est sensible aux \u00e9nergies subtiles. Elle sent et ressent les informations autour d\u2019elle. Elle porte en elle des informations.\" \/>\n<meta name=\"robots\" content=\"index, follow, max-snippet:-1, max-image-preview:large, max-video-preview:-1\" \/>\n<link rel=\"canonical\" href=\"https:\/\/joieinterieure.com\/index.php\/2019\/07\/29\/eau-memoire-energies-subtils\/\" \/>\n<meta property=\"og:locale\" content=\"fr_FR\" \/>\n<meta property=\"og:type\" content=\"article\" \/>\n<meta property=\"og:title\" content=\"L&#039;eau \u00e0 un pouvoir ?\" \/>\n<meta property=\"og:description\" content=\"L\u2019eau est une \u00e9nergie, elle est sensible aux \u00e9nergies subtiles. Elle sent et ressent les informations autour d\u2019elle. Elle porte en elle des informations.\" \/>\n<meta property=\"og:url\" content=\"https:\/\/joieinterieure.com\/index.php\/2019\/07\/29\/eau-memoire-energies-subtils\/\" \/>\n<meta property=\"og:site_name\" content=\"Joie Int\u00e9rieure\" \/>\n<meta property=\"article:published_time\" content=\"2019-07-29T10:40:24+00:00\" \/>\n<meta property=\"article:modified_time\" content=\"2020-01-09T19:41:35+00:00\" \/>\n<meta property=\"og:image\" content=\"https:\/\/joieinterieure.com\/wp-content\/uploads\/2019\/07\/johnny-brown-V-afy242gY4-unsplash-1030x688.jpg\" \/>\n\t<meta property=\"og:image:width\" content=\"1030\" \/>\n\t<meta property=\"og:image:height\" content=\"688\" \/>\n\t<meta property=\"og:image:type\" content=\"image\/jpeg\" \/>\n<meta name=\"author\" content=\"Am\u00e9lie\" \/>\n<meta name=\"twitter:card\" content=\"summary_large_image\" \/>\n<meta name=\"twitter:label1\" content=\"\u00c9crit par\" \/>\n\t<meta name=\"twitter:data1\" content=\"Am\u00e9lie\" \/>\n\t<meta name=\"twitter:label2\" content=\"Dur\u00e9e de lecture estim\u00e9e\" \/>\n\t<meta name=\"twitter:data2\" content=\"30 minutes\" \/>\n<script type=\"application\/ld+json\" class=\"yoast-schema-graph\">{\"@context\":\"https:\/\/schema.org\",\"@graph\":[{\"@type\":\"WebPage\",\"@id\":\"https:\/\/joieinterieure.com\/index.php\/2019\/07\/29\/eau-memoire-energies-subtils\/\",\"url\":\"https:\/\/joieinterieure.com\/index.php\/2019\/07\/29\/eau-memoire-energies-subtils\/\",\"name\":\"Le pouvoir de l'eau? - Joie Int\u00e9rieure\",\"isPartOf\":{\"@id\":\"https:\/\/joieinterieure.com\/#website\"},\"datePublished\":\"2019-07-29T10:40:24+00:00\",\"dateModified\":\"2020-01-09T19:41:35+00:00\",\"author\":{\"@id\":\"https:\/\/joieinterieure.com\/#\/schema\/person\/55320669fb1cf2f68be5dfc41563f376\"},\"description\":\"L\u2019eau est une \u00e9nergie, elle est sensible aux \u00e9nergies subtiles. Elle sent et ressent les informations autour d\u2019elle. Elle porte en elle des informations.\",\"breadcrumb\":{\"@id\":\"https:\/\/joieinterieure.com\/index.php\/2019\/07\/29\/eau-memoire-energies-subtils\/#breadcrumb\"},\"inLanguage\":\"fr-FR\",\"potentialAction\":[{\"@type\":\"ReadAction\",\"target\":[\"https:\/\/joieinterieure.com\/index.php\/2019\/07\/29\/eau-memoire-energies-subtils\/\"]}]},{\"@type\":\"BreadcrumbList\",\"@id\":\"https:\/\/joieinterieure.com\/index.php\/2019\/07\/29\/eau-memoire-energies-subtils\/#breadcrumb\",\"itemListElement\":[{\"@type\":\"ListItem\",\"position\":1,\"name\":\"Accueil\",\"item\":\"https:\/\/joieinterieure.com\/index.php\/acceuil-2020\/\"},{\"@type\":\"ListItem\",\"position\":2,\"name\":\"Le pouvoir de l&#8217;eau?\"}]},{\"@type\":\"WebSite\",\"@id\":\"https:\/\/joieinterieure.com\/#website\",\"url\":\"https:\/\/joieinterieure.com\/\",\"name\":\"Joie Int\u00e9rieure\",\"description\":\"Am\u00e9lie Ducrocq\",\"potentialAction\":[{\"@type\":\"SearchAction\",\"target\":{\"@type\":\"EntryPoint\",\"urlTemplate\":\"https:\/\/joieinterieure.com\/?s={search_term_string}\"},\"query-input\":\"required name=search_term_string\"}],\"inLanguage\":\"fr-FR\"},{\"@type\":\"Person\",\"@id\":\"https:\/\/joieinterieure.com\/#\/schema\/person\/55320669fb1cf2f68be5dfc41563f376\",\"name\":\"Am\u00e9lie\",\"image\":{\"@type\":\"ImageObject\",\"inLanguage\":\"fr-FR\",\"@id\":\"https:\/\/joieinterieure.com\/#\/schema\/person\/image\/\",\"url\":\"https:\/\/secure.gravatar.com\/avatar\/741c67c54f2bcc0050f52da67dbe125a?s=96&d=mm&r=g\",\"contentUrl\":\"https:\/\/secure.gravatar.com\/avatar\/741c67c54f2bcc0050f52da67dbe125a?s=96&d=mm&r=g\",\"caption\":\"Am\u00e9lie\"},\"sameAs\":[\"https:\/\/joieinterieure.com\/\"],\"url\":\"https:\/\/joieinterieure.com\/index.php\/author\/admin6862\/\"}]}<\/script>\n<!-- \/ Yoast SEO plugin. -->","yoast_head_json":{"title":"Le pouvoir de l'eau? - Joie Int\u00e9rieure","description":"L\u2019eau est une \u00e9nergie, elle est sensible aux \u00e9nergies subtiles. Elle sent et ressent les informations autour d\u2019elle. Elle porte en elle des informations.","robots":{"index":"index","follow":"follow","max-snippet":"max-snippet:-1","max-image-preview":"max-image-preview:large","max-video-preview":"max-video-preview:-1"},"canonical":"https:\/\/joieinterieure.com\/index.php\/2019\/07\/29\/eau-memoire-energies-subtils\/","og_locale":"fr_FR","og_type":"article","og_title":"L'eau \u00e0 un pouvoir ?","og_description":"L\u2019eau est une \u00e9nergie, elle est sensible aux \u00e9nergies subtiles. Elle sent et ressent les informations autour d\u2019elle. Elle porte en elle des informations.","og_url":"https:\/\/joieinterieure.com\/index.php\/2019\/07\/29\/eau-memoire-energies-subtils\/","og_site_name":"Joie Int\u00e9rieure","article_published_time":"2019-07-29T10:40:24+00:00","article_modified_time":"2020-01-09T19:41:35+00:00","og_image":[{"width":1030,"height":688,"url":"https:\/\/joieinterieure.com\/wp-content\/uploads\/2019\/07\/johnny-brown-V-afy242gY4-unsplash-1030x688.jpg","type":"image\/jpeg"}],"author":"Am\u00e9lie","twitter_card":"summary_large_image","twitter_misc":{"\u00c9crit par":"Am\u00e9lie","Dur\u00e9e de lecture estim\u00e9e":"30 minutes"},"schema":{"@context":"https:\/\/schema.org","@graph":[{"@type":"WebPage","@id":"https:\/\/joieinterieure.com\/index.php\/2019\/07\/29\/eau-memoire-energies-subtils\/","url":"https:\/\/joieinterieure.com\/index.php\/2019\/07\/29\/eau-memoire-energies-subtils\/","name":"Le pouvoir de l'eau? - Joie Int\u00e9rieure","isPartOf":{"@id":"https:\/\/joieinterieure.com\/#website"},"datePublished":"2019-07-29T10:40:24+00:00","dateModified":"2020-01-09T19:41:35+00:00","author":{"@id":"https:\/\/joieinterieure.com\/#\/schema\/person\/55320669fb1cf2f68be5dfc41563f376"},"description":"L\u2019eau est une \u00e9nergie, elle est sensible aux \u00e9nergies subtiles. Elle sent et ressent les informations autour d\u2019elle. Elle porte en elle des informations.","breadcrumb":{"@id":"https:\/\/joieinterieure.com\/index.php\/2019\/07\/29\/eau-memoire-energies-subtils\/#breadcrumb"},"inLanguage":"fr-FR","potentialAction":[{"@type":"ReadAction","target":["https:\/\/joieinterieure.com\/index.php\/2019\/07\/29\/eau-memoire-energies-subtils\/"]}]},{"@type":"BreadcrumbList","@id":"https:\/\/joieinterieure.com\/index.php\/2019\/07\/29\/eau-memoire-energies-subtils\/#breadcrumb","itemListElement":[{"@type":"ListItem","position":1,"name":"Accueil","item":"https:\/\/joieinterieure.com\/index.php\/acceuil-2020\/"},{"@type":"ListItem","position":2,"name":"Le pouvoir de l&#8217;eau?"}]},{"@type":"WebSite","@id":"https:\/\/joieinterieure.com\/#website","url":"https:\/\/joieinterieure.com\/","name":"Joie Int\u00e9rieure","description":"Am\u00e9lie Ducrocq","potentialAction":[{"@type":"SearchAction","target":{"@type":"EntryPoint","urlTemplate":"https:\/\/joieinterieure.com\/?s={search_term_string}"},"query-input":"required name=search_term_string"}],"inLanguage":"fr-FR"},{"@type":"Person","@id":"https:\/\/joieinterieure.com\/#\/schema\/person\/55320669fb1cf2f68be5dfc41563f376","name":"Am\u00e9lie","image":{"@type":"ImageObject","inLanguage":"fr-FR","@id":"https:\/\/joieinterieure.com\/#\/schema\/person\/image\/","url":"https:\/\/secure.gravatar.com\/avatar\/741c67c54f2bcc0050f52da67dbe125a?s=96&d=mm&r=g","contentUrl":"https:\/\/secure.gravatar.com\/avatar\/741c67c54f2bcc0050f52da67dbe125a?s=96&d=mm&r=g","caption":"Am\u00e9lie"},"sameAs":["https:\/\/joieinterieure.com\/"],"url":"https:\/\/joieinterieure.com\/index.php\/author\/admin6862\/"}]}},"_links":{"self":[{"href":"https:\/\/joieinterieure.com\/index.php\/wp-json\/wp\/v2\/posts\/2104"}],"collection":[{"href":"https:\/\/joieinterieure.com\/index.php\/wp-json\/wp\/v2\/posts"}],"about":[{"href":"https:\/\/joieinterieure.com\/index.php\/wp-json\/wp\/v2\/types\/post"}],"author":[{"embeddable":true,"href":"https:\/\/joieinterieure.com\/index.php\/wp-json\/wp\/v2\/users\/1"}],"replies":[{"embeddable":true,"href":"https:\/\/joieinterieure.com\/index.php\/wp-json\/wp\/v2\/comments?post=2104"}],"version-history":[{"count":24,"href":"https:\/\/joieinterieure.com\/index.php\/wp-json\/wp\/v2\/posts\/2104\/revisions"}],"predecessor-version":[{"id":2236,"href":"https:\/\/joieinterieure.com\/index.php\/wp-json\/wp\/v2\/posts\/2104\/revisions\/2236"}],"wp:featuredmedia":[{"embeddable":true,"href":"https:\/\/joieinterieure.com\/index.php\/wp-json\/wp\/v2\/media\/2119"}],"wp:attachment":[{"href":"https:\/\/joieinterieure.com\/index.php\/wp-json\/wp\/v2\/media?parent=2104"}],"wp:term":[{"taxonomy":"category","embeddable":true,"href":"https:\/\/joieinterieure.com\/index.php\/wp-json\/wp\/v2\/categories?post=2104"},{"taxonomy":"post_tag","embeddable":true,"href":"https:\/\/joieinterieure.com\/index.php\/wp-json\/wp\/v2\/tags?post=2104"}],"curies":[{"name":"wp","href":"https:\/\/api.w.org\/{rel}","templated":true}]}}