{"id":2177,"date":"2019-11-06T16:20:06","date_gmt":"2019-11-06T15:20:06","guid":{"rendered":"https:\/\/joieinterieure.com\/?p=2177"},"modified":"2020-01-09T20:39:09","modified_gmt":"2020-01-09T19:39:09","slug":"la-trichotherapy-un-veritable-soin-energetique-a-travers-tes-cheveux","status":"publish","type":"post","link":"https:\/\/joieinterieure.com\/index.php\/2019\/11\/06\/la-trichotherapy-un-veritable-soin-energetique-a-travers-tes-cheveux\/","title":{"rendered":"La Trichotherapy, un v\u00e9ritable soin \u00e9nerg\u00e9tique \u00e0 travers tes cheveux"},"content":{"rendered":"\n<style type=\"text\/css\" data-created_by=\"avia_inline_auto\" id=\"style-css-av-jpvaa0mm-7c94c8e148f45e8fc605a34cfdd6776a\">\n.avia-section.av-jpvaa0mm-7c94c8e148f45e8fc605a34cfdd6776a .av-parallax .av-parallax-inner{\nbackground-repeat:no-repeat;\nbackground-image:url(https:\/\/joieinterieure.com\/wp-content\/uploads\/2019\/11\/alex-holyoake-7KjRkbxHqoI-unsplash.jpg);\nbackground-position:50% 100%;\nbackground-attachment:scroll;\n}\n<\/style>\n<div id='av_section_1'  class='avia-section av-jpvaa0mm-7c94c8e148f45e8fc605a34cfdd6776a main_color avia-section-default avia-no-border-styling  avia-builder-el-0  el_before_av_one_full  avia-builder-el-first  avia-full-stretch av-parallax-section avia-bg-style-parallax  container_wrap fullsize'  data-section-bg-repeat='stretch'><div class='av-parallax' data-avia-parallax-ratio='0.3' ><div class='av-parallax-inner main_color avia-full-stretch'><\/div><\/div><div class='container av-section-cont-open' ><main  role=\"main\" itemprop=\"mainContentOfPage\"  class='template-page content  av-content-full alpha units'><div class='post-entry post-entry-type-page post-entry-2177'><div class='entry-content-wrapper clearfix'>\n\n<style type=\"text\/css\" data-created_by=\"avia_inline_auto\" id=\"style-css-av-jpvacthg-ae6ca640a8795486d1cefce423cf8102\">\n#top .hr.hr-invisible.av-jpvacthg-ae6ca640a8795486d1cefce423cf8102{\nheight:50px;\n}\n<\/style>\n<div  class='hr av-jpvacthg-ae6ca640a8795486d1cefce423cf8102 hr-invisible  avia-builder-el-1  el_before_av_textblock  avia-builder-el-first  '><span class='hr-inner '><span class=\"hr-inner-style\"><\/span><\/span><\/div>\n<section class=\"av_textblock_section \"  itemscope=\"itemscope\" itemtype=\"https:\/\/schema.org\/BlogPosting\" itemprop=\"blogPost\" ><div class='avia_textblock  '   itemprop=\"text\" ><h1 style=\"text-align: center;\">La Trichotherapy<\/h1>\n<\/div><\/section>\n\n<style type=\"text\/css\" data-created_by=\"avia_inline_auto\" id=\"style-css-av-jpvacthg-ae6ca640a8795486d1cefce423cf8102\">\n#top .hr.hr-invisible.av-jpvacthg-ae6ca640a8795486d1cefce423cf8102{\nheight:50px;\n}\n<\/style>\n<div  class='hr av-jpvacthg-ae6ca640a8795486d1cefce423cf8102 hr-invisible  avia-builder-el-3  el_after_av_textblock  avia-builder-el-last  '><span class='hr-inner '><span class=\"hr-inner-style\"><\/span><\/span><\/div>\n<\/div><\/div><\/main><!-- close content main element --><\/div><\/div><div id='after_section_1'  class='main_color av_default_container_wrap container_wrap fullsize'  ><div class='container av-section-cont-open' ><div class='template-page content  av-content-full alpha units'><div class='post-entry post-entry-type-page post-entry-2177'><div class='entry-content-wrapper clearfix'>\n\n<style type=\"text\/css\" data-created_by=\"avia_inline_auto\" id=\"style-css-av-jhcw0h-586f2a244812c4e2514ab830868ab8dd\">\n.flex_column.av-jhcw0h-586f2a244812c4e2514ab830868ab8dd{\nborder-radius:0px 0px 0px 0px;\n-webkit-border-radius:0px 0px 0px 0px;\n-moz-border-radius:0px 0px 0px 0px;\n}\n<\/style>\n<div class='flex_column av-jhcw0h-586f2a244812c4e2514ab830868ab8dd av_one_full  avia-builder-el-4  el_after_av_section  el_before_av_one_half  avia-builder-el-first  first flex_column_div av-zero-column-padding '   ><section class=\"av_textblock_section \"  itemscope=\"itemscope\" itemtype=\"https:\/\/schema.org\/BlogPosting\" itemprop=\"blogPost\" ><div class='avia_textblock  '   itemprop=\"text\" ><h4 style=\"text-align: center;\">Je viens de d\u00e9couvrir cet art de <strong>sublimer les cheveux<\/strong> et quelle d\u00e9couverte !<\/h4>\n<p style=\"text-align: center;\">Ma tante m&rsquo;a offert ce soin pour mes 30 ans, l&rsquo;id\u00e9e de me faire couper les cheveux au sabre ne m&rsquo;a pas tout de suite s\u00e9duite de prime \u00e0 bord. Mais lorsqu&rsquo;elle m&rsquo;a expliqu\u00e9 qu&rsquo;il s&rsquo;agissait bien plus qu&rsquo;une simple coupe de cheveux, cela m\u2019a bien sur s\u00e9duite rapidement.<\/p>\n<h4 style=\"text-align: center;\"><strong>Qu\u2019est-ce que la Trichoth\u00e9rapy\u00a0?<\/strong><\/h4>\n<p style=\"text-align: center;\">Je n\u2019en avais jamais entendu parler avant ce jour, alors lorsque j\u2019ai pris rendez-vous avec <a href=\"https:\/\/www.facebook.com\/pages\/category\/Hair-Salon\/Linstant-Bien-%C3%AAtre-1376282372646243\/\" target=\"_blank\" rel=\"noopener noreferrer\">C\u00e9cile<\/a>\u00a0 pour d\u00e9couvrir cette pratique, elle m\u2019a indiqu\u00e9 le nom de sa formatrice afin que je puisse faire des recherches. Si vous d\u00e9sirez en savoir plus, je vous invite \u00e0 d\u00e9couvrir le site de <a href=\"http:\/\/www.coiffeur-energeticien.com\/\" target=\"_blank\" rel=\"noopener noreferrer\">Jill Andrieu<\/a> qui a mis au point cet art.<\/p>\n<h5 style=\"text-align: center;\"><strong>Tr\u00e8s bri\u00e8vement et en reprenant les mots de <a href=\"http:\/\/www.coiffeur-energeticien.com\/la-trichotherapy.html\" target=\"_blank\" rel=\"noopener noreferrer\">Jill Andrieu<\/a> <\/strong><strong>:<\/strong><\/h5>\n<p style=\"text-align: center;\">\u00ab\u00a0Le cheveu est un capteur. Il est telle une fibre optique captant de multiples \u00e9nergies, captant des ondes lumineuses.<\/p>\n<p style=\"text-align: center;\">Les cheveux dans leur m\u00e9canisme de croissance accompagnent le corps dans des processus de d\u00e9toxination. Lorsque les cheveux sont charg\u00e9s de cristallisations, ces-derni\u00e8res font obstacle \u00e0 cette capacit\u00e9 qu&rsquo;ont les cheveux d&rsquo;\u00eatre r\u00e9cepteurs.<\/p>\n<p style=\"text-align: center;\">Cela pourrait se comparer \u00e0 un entartrage pr\u00e9sent autour de la gaine du cheveu.<\/p>\n<p style=\"text-align: center;\">En coupant les cheveux, le coiffeur-\u00e9nerg\u00e9ticien soutire ce qui enserre la gaine, l&rsquo;enferme et alt\u00e8re sa capacit\u00e9 r\u00e9ceptrice et tout autant \u00e9mettrice.<\/p>\n<p style=\"text-align: center;\">En utilisant cette technique, la trichoth\u00e9rapy, il lib\u00e8re le cheveu de ces densifications d&rsquo;\u00e9nergies.<\/p>\n<p style=\"text-align: center;\">Le cheveu est porteur de biens des m\u00e9moires\u2026 Il ne faut plus ici parler de coupe de cheveux,\u00a0mais d&rsquo;un v\u00e9ritable <strong>soin \u00e9nerg\u00e9tique<\/strong>,\u00a0qui am\u00e8ne l&rsquo;\u00eatre \u00e0 r\u00e9veiller certaines de ses propres m\u00e9moires afin de les traverser, les transformer et les lib\u00e9rer au sein de son existence.<\/p>\n<p style=\"text-align: center;\">Il est certain qu&rsquo;un niveau de connaissance \u00e9nerg\u00e9tique est n\u00e9cessaire afin de poser l&rsquo;action, le geste juste.<\/p>\n<p style=\"text-align: center;\">Le coiffeur-\u00e9nerg\u00e9ticien devient l&rsquo;outil, uniquement l&rsquo;outil en conscience. Lors de la coupe un d\u00e9p\u00f4t est visible sur la lame du\u00a0<a href=\"https:\/\/fr.wikipedia.org\/wiki\/Tant%C5%8D\" target=\"_blank\" rel=\"noopener noreferrer\">Tant\u00f5<\/a>, ce petit sabre japonais, tr\u00e8s ancien, qui appartenait aux samoura\u00efs.\u00a0(\u2026)\u00a0\u00bb<\/p>\n<\/div><\/section><\/div>\n\n<style type=\"text\/css\" data-created_by=\"avia_inline_auto\" id=\"style-css-av-h5l775-52fbb0c60fc693e6f14636acc352410d\">\n.flex_column.av-h5l775-52fbb0c60fc693e6f14636acc352410d{\nborder-radius:0px 0px 0px 0px;\n-webkit-border-radius:0px 0px 0px 0px;\n-moz-border-radius:0px 0px 0px 0px;\n}\n<\/style>\n<div class='flex_column av-h5l775-52fbb0c60fc693e6f14636acc352410d av_one_half  avia-builder-el-6  el_after_av_one_full  el_before_av_one_half  first flex_column_div av-zero-column-padding column-top-margin'   ><section class=\"av_textblock_section \"  itemscope=\"itemscope\" itemtype=\"https:\/\/schema.org\/BlogPosting\" itemprop=\"blogPost\" ><div class='avia_textblock  '   itemprop=\"text\" ><p style=\"text-align: center;\">Ce sabre : le T<a href=\"https:\/\/fr.wikipedia.org\/wiki\/Tant%C5%8D\" target=\"_blank\" rel=\"noopener noreferrer\">ant\u00f4<\/a> vient faire vibrer votre cheveu jusqu&rsquo;\u00e0 son bulbe afin de stimuler la circulation sanguine et \u00e9nerg\u00e9tique.<\/p>\n<p style=\"text-align: center;\">Mais pas que&#8230; Haha\u00a0! Chaque zone de ta t\u00eate correspond \u00e0 diff\u00e9rents aspects de ta vie, de votre \u00eatre et cette vibration peut \u00eatre tr\u00e8s agr\u00e9able comme un peu d\u00e9rangeant&#8230;<\/p>\n<p style=\"text-align: center;\">Pourquoi ? Car une m\u00e9moire y est stock\u00e9e et cette vibration vient traverser et <strong>lib\u00e9rer les m\u00e9moires<\/strong>.<\/p>\n<p style=\"text-align: center;\">Curieux, je peux comprendre mais faut le vivre, <strong>le vibrer<\/strong> pour s&rsquo;en saisir.<\/p>\n<\/div><\/section><\/div>\n\n<style type=\"text\/css\" data-created_by=\"avia_inline_auto\" id=\"style-css-av-ft6npt-0b07613cd6c903115e831c6995371b37\">\n.flex_column.av-ft6npt-0b07613cd6c903115e831c6995371b37{\nborder-radius:0px 0px 0px 0px;\n-webkit-border-radius:0px 0px 0px 0px;\n-moz-border-radius:0px 0px 0px 0px;\n}\n<\/style>\n<div class='flex_column av-ft6npt-0b07613cd6c903115e831c6995371b37 av_one_half  avia-builder-el-8  el_after_av_one_half  el_before_av_one_full  flex_column_div av-zero-column-padding column-top-margin'   ><style type=\"text\/css\" data-created_by=\"avia_inline_auto\" id=\"style-css-av-k2ne0765-390b652ea36abcb17e8543af58d86aa3\">\n.avia-image-container.av-k2ne0765-390b652ea36abcb17e8543af58d86aa3 .av-image-caption-overlay-center{\ncolor:#ffffff;\n}\n<\/style>\n<div  class='avia-image-container av-k2ne0765-390b652ea36abcb17e8543af58d86aa3 av-styling- avia-align-center  avia-builder-el-9  avia-builder-el-no-sibling  '  itemprop=\"image\" itemscope=\"itemscope\" itemtype=\"https:\/\/schema.org\/ImageObject\" ><div class=\"avia-image-container-inner\"><div class=\"avia-image-overlay-wrap\"><img class='wp-image-2187 avia-img-lazy-loading-not-2187 avia_image' src='https:\/\/joieinterieure.com\/wp-content\/uploads\/2019\/11\/knife-3006905_960_720-300x200.jpg' alt='' title='knife-3006905_960_720'  height=\"200\" width=\"300\"  itemprop=\"thumbnailUrl\"  \/><\/div><\/div><\/div><\/div>\n\n<style type=\"text\/css\" data-created_by=\"avia_inline_auto\" id=\"style-css-av-e8tzb5-354ae11cf662375c61ae77a8b630e61e\">\n.flex_column.av-e8tzb5-354ae11cf662375c61ae77a8b630e61e{\nborder-radius:0px 0px 0px 0px;\n-webkit-border-radius:0px 0px 0px 0px;\n-moz-border-radius:0px 0px 0px 0px;\n}\n<\/style>\n<div class='flex_column av-e8tzb5-354ae11cf662375c61ae77a8b630e61e av_one_full  avia-builder-el-10  el_after_av_one_half  el_before_av_one_half  first flex_column_div av-zero-column-padding column-top-margin'   ><section class=\"av_textblock_section \"  itemscope=\"itemscope\" itemtype=\"https:\/\/schema.org\/BlogPosting\" itemprop=\"blogPost\" ><div class='avia_textblock  '   itemprop=\"text\" ><h4 style=\"text-align: center;\">Mon exp\u00e9rience fut tellement riche qu&rsquo;il en serait difficile de la r\u00e9sumer en quelques lignes.<\/h4>\n<p style=\"text-align: center;\">Mais pour \u00ab\u00a0synth\u00e9tiser\u00a0\u00bb :<\/p>\n<p style=\"text-align: center;\"><strong><a href=\"https:\/\/www.facebook.com\/pages\/category\/Hair-Salon\/Linstant-Bien-%C3%AAtre-1376282372646243\/\" target=\"_blank\" rel=\"noopener noreferrer\">C\u00e9cile<\/a> m\u2019a accueilli<\/strong> <strong>dans un espace\u00a0<\/strong><b>chaleureux<\/b>, une salle derri\u00e8re son salon de coiffure est am\u00e9nag\u00e9e en havre de paix pour sacraliser ce moment d&rsquo;\u00e9change si intense.<\/p>\n<p style=\"text-align: center;\">La bienveillance et la douceur \u00e9taient au rendez-vous berc\u00e9s par le doux parfum de l\u2019encens.<\/p>\n<p style=\"text-align: center;\"><strong>Une fois mes cheveux lav\u00e9s,<\/strong> je me suis install\u00e9e dans cette pi\u00e8ce cosy et je me suis laiss\u00e9e guider.<\/p>\n<p style=\"text-align: center;\">Tout d\u2019abord, par des exercices de respiration afin d&rsquo;\u00eatre dans mon axe et dans les sensations de mon corps. Essentiel avant de commencer un soin, quel qu&rsquo;il soit d&rsquo;ailleurs.<\/p>\n<p style=\"text-align: center;\">La pr\u00e9sentation du <a href=\"https:\/\/fr.wikipedia.org\/wiki\/Tant%C5%8D\" target=\"_blank\" rel=\"noopener noreferrer\">Tant\u00f4<\/a>, afin de le remercier de la\u00a0 lib\u00e9ration qu\u2019il va m\u2019apporter.<\/p>\n<p style=\"text-align: center;\"><strong>Ensuite, m\u00e8che apr\u00e8s m\u00e8che le sabre a fait vibrer mes cheveux<\/strong>, coup\u00e9 certains pour laisser partir les m\u00e9moires qui faisaient \u00e0 pr\u00e9sent partis du pass\u00e9 et dont je pouvais m\u2019en lib\u00e9rer.<\/p>\n<p style=\"text-align: center;\">Parfois, ce fut doux et agr\u00e9able comme des massages sur mon cuir chevelu, parfois ce fut des remont\u00e9es d&rsquo;\u00e9motions vives qui m&rsquo;envahissaient, j&rsquo;ai accueilli chaque instant dans ce qu&rsquo;il \u00e9tait.<\/p>\n<p style=\"text-align: center;\">Des m\u00e9moires, des images, des \u00e9motions, des sensations, tout cela se passe dans de telles vibrations, qu&rsquo;il me fut magique de les accueillir avec amour et reconnaissance.<\/p>\n<\/div><\/section><\/div>\n\n<style type=\"text\/css\" data-created_by=\"avia_inline_auto\" id=\"style-css-av-d7uqxd-26caec502eef51b46012a9091603cd61\">\n.flex_column.av-d7uqxd-26caec502eef51b46012a9091603cd61{\nborder-radius:0px 0px 0px 0px;\n-webkit-border-radius:0px 0px 0px 0px;\n-moz-border-radius:0px 0px 0px 0px;\n}\n<\/style>\n<div class='flex_column av-d7uqxd-26caec502eef51b46012a9091603cd61 av_one_half  avia-builder-el-12  el_after_av_one_full  el_before_av_one_half  first flex_column_div av-zero-column-padding column-top-margin'   ><section class=\"av_textblock_section \"  itemscope=\"itemscope\" itemtype=\"https:\/\/schema.org\/BlogPosting\" itemprop=\"blogPost\" ><div class='avia_textblock  '   itemprop=\"text\" ><p style=\"text-align: center;\">Je tombe des nues, mes cheveux sont bien plus qu&rsquo;une crini\u00e8re vagabonde, ce sont les branches de l&rsquo;arbre que je suis, il capte le soleil, la lumi\u00e8re et les \u00e9nergies qui m&rsquo;entourent.<\/p>\n<p style=\"text-align: center;\">Tout ce que je vis se lie dans mes cheveux&#8230; Incroyable d\u00e9couverte.<\/p>\n<p style=\"text-align: center;\">Le cuir chevelu vit lui aussi, les m\u00e9moires de l&rsquo;enfance \u00e0 ce jour resurgissent, et de bien d&rsquo;autres plans aussi, sous diff\u00e9rentes formes.<\/p>\n<p style=\"text-align: center;\">Je vis un v\u00e9ritable <strong>soin de l\u2019\u00e2me<\/strong> sous une forme encore inexplor\u00e9e.<\/p>\n<p style=\"text-align: center;\">A chaque fois que tu vis une \u00e9motion dans ton quotidien, cela va cr\u00e9er une contraction musculaire dans ton corps, qui viendra \u00e9galement se reproduire sur le bulbe de ton cheveu et ainsi s\u2019inscrire par la suite dans le cheveu lui-m\u00eame.<\/p>\n<p style=\"text-align: center;\">Autant vous dire que nous avons tous pas mal de m\u00e9moire qu\u2019on transporte gentiment sur notre t\u00eate&#8230;<\/p>\n<\/div><\/section><\/div>\n\n<style type=\"text\/css\" data-created_by=\"avia_inline_auto\" id=\"style-css-av-ba2be9-adaced2a47d17dc00c72ca82ad54cc67\">\n.flex_column.av-ba2be9-adaced2a47d17dc00c72ca82ad54cc67{\nborder-radius:0px 0px 0px 0px;\n-webkit-border-radius:0px 0px 0px 0px;\n-moz-border-radius:0px 0px 0px 0px;\n}\n<\/style>\n<div class='flex_column av-ba2be9-adaced2a47d17dc00c72ca82ad54cc67 av_one_half  avia-builder-el-14  el_after_av_one_half  el_before_av_one_full  flex_column_div av-zero-column-padding column-top-margin'   ><style type=\"text\/css\" data-created_by=\"avia_inline_auto\" id=\"style-css-av-k2nedyiq-fd3390888d4e44e90ee53bdf17f0f095\">\n.avia-image-container.av-k2nedyiq-fd3390888d4e44e90ee53bdf17f0f095 .av-image-caption-overlay-center{\ncolor:#ffffff;\n}\n<\/style>\n<div  class='avia-image-container av-k2nedyiq-fd3390888d4e44e90ee53bdf17f0f095 av-styling- avia-align-center  avia-builder-el-15  avia-builder-el-no-sibling  '  itemprop=\"image\" itemscope=\"itemscope\" itemtype=\"https:\/\/schema.org\/ImageObject\" ><div class=\"avia-image-container-inner\"><div class=\"avia-image-overlay-wrap\"><img class='wp-image-2181 avia-img-lazy-loading-not-2181 avia_image' src='https:\/\/joieinterieure.com\/wp-content\/uploads\/2019\/11\/yoann-boyer-D7qzQ234N0o-unsplash-1030x658.jpg' alt='' title='yoann-boyer-D7qzQ234N0o-unsplash'  height=\"658\" width=\"1030\"  itemprop=\"thumbnailUrl\"  \/><\/div><\/div><\/div><\/div>\n\n<style type=\"text\/css\" data-created_by=\"avia_inline_auto\" id=\"style-css-av-8v8vyp-1542c491a9db57bbc76eb62c6bea1c33\">\n.flex_column.av-8v8vyp-1542c491a9db57bbc76eb62c6bea1c33{\nborder-radius:0px 0px 0px 0px;\n-webkit-border-radius:0px 0px 0px 0px;\n-moz-border-radius:0px 0px 0px 0px;\n}\n<\/style>\n<div class='flex_column av-8v8vyp-1542c491a9db57bbc76eb62c6bea1c33 av_one_full  avia-builder-el-16  el_after_av_one_half  el_before_av_one_half  first flex_column_div av-zero-column-padding column-top-margin'   ><section class=\"av_textblock_section \"  itemscope=\"itemscope\" itemtype=\"https:\/\/schema.org\/BlogPosting\" itemprop=\"blogPost\" ><div class='avia_textblock  '   itemprop=\"text\" ><p style=\"text-align: center;\">Bien que le <a href=\"https:\/\/fr.wikipedia.org\/wiki\/Tant%C5%8D\" target=\"_blank\" rel=\"noopener noreferrer\">Tant\u00f4<\/a> me d\u00e9charge que de quelques millim\u00e8tre de cheveux, je ressentais les vibrations de chaque cheveu<\/p>\n<p style=\"text-align: center;\">(il faut l&rsquo;avouer j&rsquo;ai eu peur de ressortir avec la coupe de <a href=\"https:\/\/fr.wikipedia.org\/wiki\/Mireille_Mathieu\" target=\"_blank\" rel=\"noopener noreferrer\">Mireille Mathieu<\/a>\u00a0!).<\/p>\n<p style=\"text-align: center;\">Une fois chaque m\u00e8che, l&rsquo;une apr\u00e8s l&rsquo;autre ayant vibr\u00e9, s&rsquo;\u00e9tant d\u00e9charg\u00e9e des poids qui l&rsquo;incombaient, je ressentais et voyais tout ce qui se lib\u00e9rait en moi avec beaucoup de l\u00e9g\u00e8ret\u00e9.<\/p>\n<h5 style=\"text-align: center;\"><strong>Mais ce n\u2019\u00e9tait pas fini, une derni\u00e8re \u00e9tape primordiale restait \u00e0 venir\u00a0: l&rsquo;harmonisation \u00ab\u00a0au rasoir\u00a0\u00bb.<\/strong><\/h5>\n<p style=\"text-align: center;\">Une fois que le cheveu a \u00e9t\u00e9 nettoy\u00e9 avec le <a href=\"https:\/\/fr.wikipedia.org\/wiki\/Tant%C5%8D\" target=\"_blank\" rel=\"noopener noreferrer\">Tant\u00f5<\/a>, <a href=\"https:\/\/www.facebook.com\/pages\/category\/Hair-Salon\/Linstant-Bien-%C3%AAtre-1376282372646243\/\" target=\"_blank\" rel=\"noopener noreferrer\">C\u00e9cile<\/a> va venir refermer et lisser les \u00e9cailles du cheveu avec un rasoir (ce rasoir ne coupe pas, oufff).\u00a0Le rasoir est pass\u00e9 sur l\u2019int\u00e9gralit\u00e9 de la chevelure, des racines vers les pointes, m\u00e8che par m\u00e8che.<\/p>\n<p style=\"text-align: center;\">Cette \u00e9tape permet d\u2019apporter brillance, volume, souplesse et mouvement et surtout va permettre de refermer les \u00e9cailles du cheveu.<\/p>\n<p style=\"text-align: center;\">Durant ce moment, j&rsquo;ai ressenti toute l&rsquo;harmonisation de ce soin op\u00e9r\u00e9, mon corps fut transporter dans une nouvelle dimension pour cl\u00f4turer ce moment pr\u00e9-cieux.<\/p>\n<p style=\"text-align: center;\">Avec beaucoup de douceur, je suis revenue \u00e0 moi, accompagn\u00e9e par <a href=\"https:\/\/www.facebook.com\/pages\/category\/Hair-Salon\/Linstant-Bien-%C3%AAtre-1376282372646243\/\" target=\"_blank\" rel=\"noopener noreferrer\">C\u00e9cile<\/a> pour vivre ensuite un instant d\u2019\u00e9change et de partage bienveillant.<\/p>\n<\/div><\/section><\/div>\n\n<style type=\"text\/css\" data-created_by=\"avia_inline_auto\" id=\"style-css-av-qyjy9-3bf9f1b842a00c85b20d223477a89d2a\">\n.flex_column.av-qyjy9-3bf9f1b842a00c85b20d223477a89d2a{\nborder-radius:0px 0px 0px 0px;\n-webkit-border-radius:0px 0px 0px 0px;\n-moz-border-radius:0px 0px 0px 0px;\n}\n<\/style>\n<div class='flex_column av-qyjy9-3bf9f1b842a00c85b20d223477a89d2a av_one_half  avia-builder-el-18  el_after_av_one_full  el_before_av_one_half  first flex_column_div av-zero-column-padding column-top-margin'   ><section class=\"av_textblock_section \"  itemscope=\"itemscope\" itemtype=\"https:\/\/schema.org\/BlogPosting\" itemprop=\"blogPost\" ><div class='avia_textblock  '   itemprop=\"text\" ><p style=\"text-align: center;\">Je n&rsquo;aurai jamais pens\u00e9 vivre une telle exp\u00e9rience par mes cheveux, je ne les vois plus du tout avec le m\u00eame regard.<\/p>\n<p style=\"text-align: center;\">Je ressentais le besoin de sacraliser mes coupes de cheveux, avec la lune et en conscience mais alors l\u00e0 c&rsquo;est devenu une \u00e9vidence.<\/p>\n<p style=\"text-align: center;\">Un grand merci \u00e0 la merveilleuse femme <a href=\"https:\/\/www.facebook.com\/pages\/category\/Hair-Salon\/Linstant-Bien-%C3%AAtre-1376282372646243\/\" target=\"_blank\" rel=\"noopener noreferrer\">C\u00e9cile<\/a> qui m&rsquo;a permis de vivre une telle alchimie ainsi qu&rsquo;\u00e0 ma <a href=\"https:\/\/www.facebook.com\/atelier.anoky\/\" target=\"_blank\" rel=\"noopener noreferrer\">tante<\/a> pour ce cadeau m\u00e8re-veilleux.<\/p>\n<p style=\"text-align: center;\">Merci la vie pour ces d\u00e9couvertes toujours extraordinaire et magique.<\/p>\n<p style=\"text-align: right;\">Am\u00e9lie<\/p>\n<\/div><\/section><\/div>\n\n<style type=\"text\/css\" data-created_by=\"avia_inline_auto\" id=\"style-css-av-5birk1-202034735bada926b547f758bc64ce88\">\n.flex_column.av-5birk1-202034735bada926b547f758bc64ce88{\nborder-radius:0px 0px 0px 0px;\n-webkit-border-radius:0px 0px 0px 0px;\n-moz-border-radius:0px 0px 0px 0px;\n}\n<\/style>\n<div class='flex_column av-5birk1-202034735bada926b547f758bc64ce88 av_one_half  avia-builder-el-20  el_after_av_one_half  el_before_av_one_half  flex_column_div av-zero-column-padding column-top-margin'   ><style type=\"text\/css\" data-created_by=\"avia_inline_auto\" id=\"style-css-av-k2nepjrg-00c60bbbda347c4c034f9f1dcb12c2bc\">\n.avia-image-container.av-k2nepjrg-00c60bbbda347c4c034f9f1dcb12c2bc .av-image-caption-overlay-center{\ncolor:#ffffff;\n}\n<\/style>\n<div  class='avia-image-container av-k2nepjrg-00c60bbbda347c4c034f9f1dcb12c2bc av-styling- avia-align-center  avia-builder-el-21  avia-builder-el-no-sibling  '  itemprop=\"image\" itemscope=\"itemscope\" itemtype=\"https:\/\/schema.org\/ImageObject\" ><div class=\"avia-image-container-inner\"><div class=\"avia-image-overlay-wrap\"><a href=\"https:\/\/joieinterieure.com\/index.php\/energeticienne-magnetiseuse-essonne\/\" class='avia_image'  target=\"_blank\"  rel=\"noopener noreferrer\"><img class='wp-image-2186 avia-img-lazy-loading-not-2186 avia_image' src='https:\/\/joieinterieure.com\/wp-content\/uploads\/2019\/11\/IMG_20191106_151647-773x1030.jpg' alt='Am\u00e9lie DUCROCQ Energ\u00e9ticienne' title='\u00c9nerg\u00e9ticienne Essonne'  itemprop=\"thumbnailUrl\"  \/><\/a><\/div><\/div><\/div><\/div>\n\n<style type=\"text\/css\" data-created_by=\"avia_inline_auto\" id=\"style-css-av-3yei5d-2211ececd8c157b0471ceb48f2a18b47\">\n.flex_column.av-3yei5d-2211ececd8c157b0471ceb48f2a18b47{\nborder-radius:0px 0px 0px 0px;\n-webkit-border-radius:0px 0px 0px 0px;\n-moz-border-radius:0px 0px 0px 0px;\n}\n<\/style>\n<div class='flex_column av-3yei5d-2211ececd8c157b0471ceb48f2a18b47 av_one_half  avia-builder-el-22  el_after_av_one_half  el_before_av_one_half  first flex_column_div av-zero-column-padding column-top-margin'   ><style type=\"text\/css\" data-created_by=\"avia_inline_auto\" id=\"style-css-av-k2nf6vnn-0b94a5e3226f7802ad4a893fac0a1329\">\n.avia-image-container.av-k2nf6vnn-0b94a5e3226f7802ad4a893fac0a1329 .av-image-caption-overlay-center{\ncolor:#ffffff;\n}\n<\/style>\n<div  class='avia-image-container av-k2nf6vnn-0b94a5e3226f7802ad4a893fac0a1329 av-styling- avia-align-center  avia-builder-el-23  avia-builder-el-no-sibling  '  itemprop=\"image\" itemscope=\"itemscope\" itemtype=\"https:\/\/schema.org\/ImageObject\" ><div class=\"avia-image-container-inner\"><div class=\"avia-image-overlay-wrap\"><img class='wp-image-2183 avia-img-lazy-loading-not-2183 avia_image' src='https:\/\/joieinterieure.com\/wp-content\/uploads\/2019\/11\/70006313_2391728407766223_7418146434228158464_n.jpg' alt='' title='70006313_2391728407766223_7418146434228158464_n'  height=\"960\" width=\"640\"  itemprop=\"thumbnailUrl\"  \/><\/div><\/div><\/div><\/div>\n\n<style type=\"text\/css\" data-created_by=\"avia_inline_auto\" id=\"style-css-av-27e775-681a5f8b1353bf531240700162d57cd7\">\n.flex_column.av-27e775-681a5f8b1353bf531240700162d57cd7{\nborder-radius:0px 0px 0px 0px;\n-webkit-border-radius:0px 0px 0px 0px;\n-moz-border-radius:0px 0px 0px 0px;\n}\n<\/style>\n<div class='flex_column av-27e775-681a5f8b1353bf531240700162d57cd7 av_one_half  avia-builder-el-24  el_after_av_one_half  el_before_av_hr  flex_column_div av-zero-column-padding column-top-margin'   ><section class=\"av_textblock_section \"  itemscope=\"itemscope\" itemtype=\"https:\/\/schema.org\/BlogPosting\" itemprop=\"blogPost\" ><div class='avia_textblock  '   itemprop=\"text\" ><p style=\"text-align: center;\">Pour d\u00e9couvrir le salon de C\u00e9cile, il te faudra te rendre \u00e0 <a href=\"https:\/\/www.saint-amand-en-puisaye.fr\/\" target=\"_blank\" rel=\"noopener noreferrer\">Saint-Amand-en-Puisaye<\/a> dans le 58 \u00e0 1h40 de Paris.<\/p>\n<p style=\"text-align: center;\"><a href=\"https:\/\/www.facebook.com\/pages\/category\/Hair-Salon\/Linstant-Bien-%C3%AAtre-1376282372646243\/\" target=\"_blank\" rel=\"noopener noreferrer\">Tu peux consulter sa page facebook en cliquant ici.<\/a><\/p>\n<\/div><\/section><br \/>\n\n<style type=\"text\/css\" data-created_by=\"avia_inline_auto\" id=\"style-css-av-k2nf7xzz-9239b4885b648c8ecbd0b864c5538500\">\n.avia-image-container.av-k2nf7xzz-9239b4885b648c8ecbd0b864c5538500 .av-image-caption-overlay-center{\ncolor:#ffffff;\n}\n<\/style>\n<div  class='avia-image-container av-k2nf7xzz-9239b4885b648c8ecbd0b864c5538500 av-styling- avia-align-center  avia-builder-el-26  el_after_av_textblock  avia-builder-el-last  '  itemprop=\"image\" itemscope=\"itemscope\" itemtype=\"https:\/\/schema.org\/ImageObject\" ><div class=\"avia-image-container-inner\"><div class=\"avia-image-overlay-wrap\"><img class='wp-image-2190 avia-img-lazy-loading-not-2190 avia_image' src='https:\/\/joieinterieure.com\/wp-content\/uploads\/2019\/11\/70449718_2491931841081285_1355501222034931712_n.jpg' alt='Trichoth\u00e9rapie' title='70449718_2491931841081285_1355501222034931712_n'  height=\"486\" width=\"750\"  itemprop=\"thumbnailUrl\"  \/><\/div><\/div><\/div><\/p><\/div>\n<div  class='hr av-6jmrrl-248e229c517eac1f8bc35747d2be4373 hr-default  avia-builder-el-27  el_after_av_one_half  el_before_av_social_share  '><span class='hr-inner '><span class=\"hr-inner-style\"><\/span><\/span><\/div>\n<div  class='av-social-sharing-box av-social-sharing-box-default   avia-builder-el-28  el_after_av_hr  el_before_av_hr  av-social-sharing-box-fullwidth '><div class=\"av-share-box\"><h5 class='av-share-link-description av-no-toc '>Partager cet article<\/h5><ul class=\"av-share-box-list noLightbox\"><li class='av-share-link av-social-link-facebook' ><a target=\"_blank\" aria-label=\"Partager sur Facebook\" href='https:\/\/www.facebook.com\/sharer.php?u=https:\/\/joieinterieure.com\/index.php\/2019\/11\/06\/la-trichotherapy-un-veritable-soin-energetique-a-travers-tes-cheveux\/&#038;t=La%20Trichotherapy%2C%20un%20v%C3%A9ritable%20soin%20%C3%A9nerg%C3%A9tique%20%C3%A0%20travers%20tes%20cheveux' aria-hidden='false' data-av_icon='\ue8f3' data-av_iconfont='entypo-fontello' title='' data-avia-related-tooltip='Partager sur Facebook' rel=\"noopener\"><span class='avia_hidden_link_text'>Partager sur Facebook<\/span><\/a><\/li><li class='av-share-link av-social-link-twitter' ><a target=\"_blank\" aria-label=\"Partager sur Twitter\" href='https:\/\/twitter.com\/share?text=La%20Trichotherapy%2C%20un%20v%C3%A9ritable%20soin%20%C3%A9nerg%C3%A9tique%20%C3%A0%20travers%20tes%20cheveux&#038;url=https:\/\/joieinterieure.com\/?p=2177' aria-hidden='false' data-av_icon='\ue8f1' data-av_iconfont='entypo-fontello' title='' data-avia-related-tooltip='Partager sur Twitter' rel=\"noopener\"><span class='avia_hidden_link_text'>Partager sur Twitter<\/span><\/a><\/li><li class='av-share-link av-social-link-pinterest' ><a target=\"_blank\" aria-label=\"Partager sur Pinterest\" href='https:\/\/pinterest.com\/pin\/create\/button\/?url=https%3A%2F%2Fjoieinterieure.com%2Findex.php%2F2019%2F11%2F06%2Fla-trichotherapy-un-veritable-soin-energetique-a-travers-tes-cheveux%2F&#038;description=La%20Trichotherapy%2C%20un%20v%C3%A9ritable%20soin%20%C3%A9nerg%C3%A9tique%20%C3%A0%20travers%20tes%20cheveux&#038;media=https%3A%2F%2Fjoieinterieure.com%2Fwp-content%2Fuploads%2F2019%2F11%2FIMG_20191106_151647-529x705.jpg' aria-hidden='false' data-av_icon='\ue8f8' data-av_iconfont='entypo-fontello' title='' data-avia-related-tooltip='Partager sur Pinterest' rel=\"noopener\"><span class='avia_hidden_link_text'>Partager sur Pinterest<\/span><\/a><\/li><li class='av-share-link av-social-link-linkedin' ><a target=\"_blank\" aria-label=\"Partager sur LinkedIn\" href='https:\/\/linkedin.com\/shareArticle?mini=true&#038;title=La%20Trichotherapy%2C%20un%20v%C3%A9ritable%20soin%20%C3%A9nerg%C3%A9tique%20%C3%A0%20travers%20tes%20cheveux&#038;url=https:\/\/joieinterieure.com\/index.php\/2019\/11\/06\/la-trichotherapy-un-veritable-soin-energetique-a-travers-tes-cheveux\/' aria-hidden='false' data-av_icon='\ue8fc' data-av_iconfont='entypo-fontello' title='' data-avia-related-tooltip='Partager sur LinkedIn' rel=\"noopener\"><span class='avia_hidden_link_text'>Partager sur LinkedIn<\/span><\/a><\/li><li class='av-share-link av-social-link-mail' ><a  aria-label=\"Partager par Mail\" href='mailto:?subject=La%20Trichotherapy%2C%20un%20v%C3%A9ritable%20soin%20%C3%A9nerg%C3%A9tique%20%C3%A0%20travers%20tes%20cheveux&#038;body=https:\/\/joieinterieure.com\/index.php\/2019\/11\/06\/la-trichotherapy-un-veritable-soin-energetique-a-travers-tes-cheveux\/' aria-hidden='false' data-av_icon='\ue805' data-av_iconfont='entypo-fontello' title='' data-avia-related-tooltip='Partager par Mail'><span class='avia_hidden_link_text'>Partager par Mail<\/span><\/a><\/li><\/ul><\/div><\/div>\n<div  class='hr av-3ttgsh-4dc59b8777aba5a5a6dfc375cf9095c7 hr-default  avia-builder-el-29  el_after_av_social_share  el_before_av_comments_list  '><span class='hr-inner '><span class=\"hr-inner-style\"><\/span><\/span><\/div>\n<div  class='av-buildercomment av-k2q6hw1u-6fd7c8fa1fd6969ae345477c63e557cf '><\/div>\n<\/div><\/div><\/div><!-- close content main div --><\/div><\/div>\n<style type=\"text\/css\" data-created_by=\"avia_inline_auto\" id=\"style-css-av-jpvcfn8a-3da0c108bc270e7dc7c27edb64435f4d\">\n.avia-section.av-jpvcfn8a-3da0c108bc270e7dc7c27edb64435f4d{\nbackground-color:rgba(237,222,199,0.49);\n}\n<\/style>\n<div id='av_section_2'  class='avia-section av-jpvcfn8a-3da0c108bc270e7dc7c27edb64435f4d main_color avia-section-default avia-no-border-styling  avia-builder-el-31  el_after_av_comments_list  el_before_av_postslider  avia-bg-style-scroll  container_wrap fullsize'  ><div class='container av-section-cont-open' ><div class='template-page content  av-content-full alpha units'><div class='post-entry post-entry-type-page post-entry-2177'><div class='entry-content-wrapper clearfix'>\n<div class='flex_column_table av-mz4e3-353a8906e953cd197be4ae5197d4465a sc-av_one_fourth av-equal-height-column-flextable'>\n<style type=\"text\/css\" data-created_by=\"avia_inline_auto\" id=\"style-css-av-mz4e3-353a8906e953cd197be4ae5197d4465a\">\n.flex_column.av-mz4e3-353a8906e953cd197be4ae5197d4465a{\nborder-radius:0px 0px 0px 0px;\n-webkit-border-radius:0px 0px 0px 0px;\n-moz-border-radius:0px 0px 0px 0px;\n}\n<\/style>\n<div class='flex_column av-mz4e3-353a8906e953cd197be4ae5197d4465a av_one_fourth  avia-builder-el-32  el_before_av_three_fourth  avia-builder-el-first  first no_margin flex_column_table_cell av-equal-height-column av-align-middle av-zero-column-padding '   ><style type=\"text\/css\" data-created_by=\"avia_inline_auto\" id=\"style-css-av-jqycvgra-a4bba60a7fce249f6dca4125d42d6a91\">\n.avia-image-container.av-jqycvgra-a4bba60a7fce249f6dca4125d42d6a91 .av-image-caption-overlay-center{\ncolor:#ffffff;\n}\n<\/style>\n<div  class='avia-image-container av-jqycvgra-a4bba60a7fce249f6dca4125d42d6a91 av-styling- avia-align-center  avia-builder-el-33  avia-builder-el-no-sibling  '  itemprop=\"image\" itemscope=\"itemscope\" itemtype=\"https:\/\/schema.org\/ImageObject\" ><div class=\"avia-image-container-inner\"><div class=\"avia-image-overlay-wrap\"><a href=\"https:\/\/joieinterieure.com\/?page_id=758\" class='avia_image'  target=\"_blank\"  rel=\"noopener noreferrer\"><img class='wp-image-759 avia-img-lazy-loading-not-759 avia_image' src='https:\/\/joieinterieure.com\/wp-content\/uploads\/2019\/01\/Capture-d\u2019\u00e9cran-2019-01-15-\u00e0-15.32.58-184x300.png' alt='' title='Capture d\u2019\u00e9cran 2019-01-15 \u00e0 15.32.58'  itemprop=\"thumbnailUrl\"  \/><\/a><\/div><\/div><\/div><\/div>\n<style type=\"text\/css\" data-created_by=\"avia_inline_auto\" id=\"style-css-av-cznsz-20658a65ca7e10ae8bf9bdb5964accdc\">\n.flex_column.av-cznsz-20658a65ca7e10ae8bf9bdb5964accdc{\nborder-radius:0px 0px 0px 0px;\n-webkit-border-radius:0px 0px 0px 0px;\n-moz-border-radius:0px 0px 0px 0px;\n}\n<\/style>\n<div class='flex_column av-cznsz-20658a65ca7e10ae8bf9bdb5964accdc av_three_fourth  avia-builder-el-34  el_after_av_one_fourth  avia-builder-el-last  no_margin flex_column_table_cell av-equal-height-column av-align-middle av-zero-column-padding '   ><section class=\"av_textblock_section \"  itemscope=\"itemscope\" itemtype=\"https:\/\/schema.org\/BlogPosting\" itemprop=\"blogPost\" ><div class='avia_textblock  '   itemprop=\"text\" ><h3>T\u00e9l\u00e9chargez\u00a0<strong>gratuitement<\/strong>\u00a0votre guide PDF<\/h3>\n<\/div><\/section><br \/>\n<section class=\"av_textblock_section \"  itemscope=\"itemscope\" itemtype=\"https:\/\/schema.org\/BlogPosting\" itemprop=\"blogPost\" ><div class='avia_textblock  '   itemprop=\"text\" ><p style=\"text-align: left;\">Je vous transmets aujourd\u2019hui ce guide afin de vous offrir quatre outils qui me semblent indispensables dans notre vie quotidienne :<\/p>\n<ul>\n<li><strong>Retrouver le calme int\u00e9rieur<\/strong>,<\/li>\n<li><strong>Augmenter votre taux vibratoire,<\/strong><\/li>\n<li><b>\u00c9quilibrer vos polarit\u00e9s,<\/b><\/li>\n<li><strong>Ainsi que prendre le temps de s\u2019Ancrer.<\/strong><\/li>\n<\/ul>\n<\/div><\/section><br \/>\n<\/p><\/div><\/div><!--close column table wrapper. Autoclose: 1 -->\n<\/div><\/div><\/div><!-- close content main div --><\/div><\/div><div id='after_section_2'  class='main_color av_default_container_wrap container_wrap fullsize'  ><div class='container av-section-cont-open' ><div class='template-page content  av-content-full alpha units'><div class='post-entry post-entry-type-page post-entry-2177'><div class='entry-content-wrapper clearfix'>\n<div   data-autoplay=''  data-interval='5'  data-animation='fade'  data-show_slide_delay='90'  class='avia-content-slider avia-content-slider-active avia-content-slider1 avia-content-slider-even  avia-builder-el-38  el_after_av_section  el_before_av_hr  avia-builder-el-first  '  itemscope=\"itemscope\" itemtype=\"https:\/\/schema.org\/Blog\" ><div class='avia-content-slider-inner'><div class='slide-entry-wrap'><article class='slide-entry flex_column  post-entry post-entry-2293 slide-entry-overview slide-loop-1 slide-parity-odd  av_one_fourth first real-thumbnail post-format-standard'  itemscope=\"itemscope\" itemtype=\"https:\/\/schema.org\/BlogPosting\" itemprop=\"blogPost\" ><a href='https:\/\/joieinterieure.com\/index.php\/2020\/03\/26\/liberer-votre-esprit-de-toutes-pensees\/' data-rel='slide-1' class='slide-image' title='Lib\u00e9rer votre esprit de toutes pens\u00e9es'><img width=\"260\" height=\"185\" src=\"https:\/\/joieinterieure.com\/wp-content\/uploads\/2019\/01\/masaaki-komori-579102-unsplash-260x185.jpg\" class=\"wp-image-524 avia-img-lazy-loading-not-524 attachment-portfolio_small size-portfolio_small wp-post-image\" alt=\"\" \/><\/a><div class='slide-content'><header class=\"entry-content-header\"><span class=\"blog-categories minor-meta\"><a href=\"https:\/\/joieinterieure.com\/index.php\/category\/spiritualite\/\" rel=\"tag\">Spiritualit\u00e9<\/a> <\/span><h3 class='slide-entry-title entry-title '  itemprop=\"headline\" ><a href='https:\/\/joieinterieure.com\/index.php\/2020\/03\/26\/liberer-votre-esprit-de-toutes-pensees\/' title='Lib\u00e9rer votre esprit de toutes pens\u00e9es'>Lib\u00e9rer votre esprit de toutes pens\u00e9es<\/a><\/h3><span class=\"av-vertical-delimiter\"><\/span><\/header><div class='slide-entry-excerpt entry-content'  itemprop=\"text\" >Ressentir ses pens\u00e9es et se reconnecter \u00e0 sa conscience gr\u00e2ce \u00e0 un exercice facile et rapide \u00e0 exp\u00e9rimenter en quelques minutes. <\/div><\/div><footer class=\"entry-footer\"><div class='slide-meta'><div class='slide-meta-comments'><a href='https:\/\/joieinterieure.com\/index.php\/2020\/03\/26\/liberer-votre-esprit-de-toutes-pensees\/#respond'>0 Commentaires<\/a><\/div><div class='slide-meta-del'>\/<\/div><time class='slide-meta-time updated'  itemprop=\"datePublished\" datetime=\"2020-03-26T17:08:09+01:00\" >26 mars 2020<\/time><\/div><\/footer><span class='hidden'>\n\t\t\t\t<span class='av-structured-data'  itemprop=\"image\" itemscope=\"itemscope\" itemtype=\"https:\/\/schema.org\/ImageObject\" >\n\t\t\t\t\t\t<span itemprop='url'>https:\/\/joieinterieure.com\/wp-content\/uploads\/2019\/01\/masaaki-komori-579102-unsplash.jpg<\/span>\n\t\t\t\t\t\t<span itemprop='height'>4016<\/span>\n\t\t\t\t\t\t<span itemprop='width'>6016<\/span>\n\t\t\t\t<\/span>\n\t\t\t\t<span class='av-structured-data'  itemprop=\"publisher\" itemtype=\"https:\/\/schema.org\/Organization\" itemscope=\"itemscope\" >\n\t\t\t\t\t\t<span itemprop='name'>Am\u00e9lie<\/span>\n\t\t\t\t\t\t<span itemprop='logo' itemscope itemtype='https:\/\/schema.org\/ImageObject'>\n\t\t\t\t\t\t\t<span itemprop='url'>https:\/\/joieinterieure.com\/wp-content\/uploads\/2020\/07\/logo-ad-small.png<\/span>\n\t\t\t\t\t\t <\/span>\n\t\t\t\t<\/span><span class='av-structured-data'  itemprop=\"author\" itemscope=\"itemscope\" itemtype=\"https:\/\/schema.org\/Person\" ><span itemprop='name'>Am\u00e9lie<\/span><\/span><span class='av-structured-data'  itemprop=\"datePublished\" datetime=\"2019-11-06T16:20:06+01:00\" >2020-03-26 17:08:09<\/span><span class='av-structured-data'  itemprop=\"dateModified\" itemtype=\"https:\/\/schema.org\/dateModified\" >2020-03-26 17:34:35<\/span><span class='av-structured-data'  itemprop=\"mainEntityOfPage\" itemtype=\"https:\/\/schema.org\/mainEntityOfPage\" ><span itemprop='name'>Lib\u00e9rer votre esprit de toutes pens\u00e9es<\/span><\/span><\/span><\/article><article class='slide-entry flex_column  post-entry post-entry-2242 slide-entry-overview slide-loop-2 slide-parity-even  av_one_fourth  real-thumbnail post-format-standard'  itemscope=\"itemscope\" itemtype=\"https:\/\/schema.org\/BlogPosting\" itemprop=\"blogPost\" ><a href='https:\/\/joieinterieure.com\/index.php\/2020\/01\/22\/le-tarot-psychologique-kesako\/' data-rel='slide-1' class='slide-image' title='Le Tarot Psychologique kesako ?'><img width=\"260\" height=\"185\" src=\"https:\/\/joieinterieure.com\/wp-content\/uploads\/2020\/01\/LE-TAROT-260x185.png\" class=\"wp-image-2243 avia-img-lazy-loading-not-2243 attachment-portfolio_small size-portfolio_small wp-post-image\" alt=\"tarot psychologique\" \/><small class='avia-copyright'>tarot<\/small><\/a><div class='slide-content'><header class=\"entry-content-header\"><span class=\"blog-categories minor-meta\"><a href=\"https:\/\/joieinterieure.com\/index.php\/category\/spiritualite\/\" rel=\"tag\">Spiritualit\u00e9<\/a> <\/span><h3 class='slide-entry-title entry-title '  itemprop=\"headline\" ><a href='https:\/\/joieinterieure.com\/index.php\/2020\/01\/22\/le-tarot-psychologique-kesako\/' title='Le Tarot Psychologique kesako ?'>Le Tarot Psychologique kesako ?<\/a><\/h3><span class=\"av-vertical-delimiter\"><\/span><\/header><div class='slide-entry-excerpt entry-content'  itemprop=\"text\" >Le tarot psychologique est un outil de connaissance de soi afin d'y voir plus clair sur notre chemin pr\u00e9sent. Il n'est pas question de voyance mais de clarification sur une situation. <\/div><\/div><footer class=\"entry-footer\"><div class='slide-meta'><div class='slide-meta-comments'><a href='https:\/\/joieinterieure.com\/index.php\/2020\/01\/22\/le-tarot-psychologique-kesako\/#respond'>0 Commentaires<\/a><\/div><div class='slide-meta-del'>\/<\/div><time class='slide-meta-time updated'  itemprop=\"datePublished\" datetime=\"2020-01-22T16:17:51+01:00\" >22 janvier 2020<\/time><\/div><\/footer><span class='hidden'>\n\t\t\t\t<span class='av-structured-data'  itemprop=\"image\" itemscope=\"itemscope\" itemtype=\"https:\/\/schema.org\/ImageObject\" >\n\t\t\t\t\t\t<span itemprop='url'>https:\/\/joieinterieure.com\/wp-content\/uploads\/2020\/01\/LE-TAROT.png<\/span>\n\t\t\t\t\t\t<span itemprop='height'>1080<\/span>\n\t\t\t\t\t\t<span itemprop='width'>1080<\/span>\n\t\t\t\t<\/span>\n\t\t\t\t<span class='av-structured-data'  itemprop=\"publisher\" itemtype=\"https:\/\/schema.org\/Organization\" itemscope=\"itemscope\" >\n\t\t\t\t\t\t<span itemprop='name'>Am\u00e9lie<\/span>\n\t\t\t\t\t\t<span itemprop='logo' itemscope itemtype='https:\/\/schema.org\/ImageObject'>\n\t\t\t\t\t\t\t<span itemprop='url'>https:\/\/joieinterieure.com\/wp-content\/uploads\/2020\/07\/logo-ad-small.png<\/span>\n\t\t\t\t\t\t <\/span>\n\t\t\t\t<\/span><span class='av-structured-data'  itemprop=\"author\" itemscope=\"itemscope\" itemtype=\"https:\/\/schema.org\/Person\" ><span itemprop='name'>Am\u00e9lie<\/span><\/span><span class='av-structured-data'  itemprop=\"datePublished\" datetime=\"2019-11-06T16:20:06+01:00\" >2020-01-22 16:17:51<\/span><span class='av-structured-data'  itemprop=\"dateModified\" itemtype=\"https:\/\/schema.org\/dateModified\" >2020-03-06 14:18:29<\/span><span class='av-structured-data'  itemprop=\"mainEntityOfPage\" itemtype=\"https:\/\/schema.org\/mainEntityOfPage\" ><span itemprop='name'>Le Tarot Psychologique kesako ?<\/span><\/span><\/span><\/article><article class='slide-entry flex_column  post-entry post-entry-2213 slide-entry-overview slide-loop-3 slide-parity-odd  av_one_fourth  real-thumbnail post-format-standard'  itemscope=\"itemscope\" itemtype=\"https:\/\/schema.org\/BlogPosting\" itemprop=\"blogPost\" ><a href='https:\/\/joieinterieure.com\/index.php\/2020\/01\/09\/devenir-responsable-de-soi\/' data-rel='slide-1' class='slide-image' title='Devenir responsable de soi'><img width=\"260\" height=\"185\" src=\"https:\/\/joieinterieure.com\/wp-content\/uploads\/2020\/01\/Sans-titre-3-260x185.png\" class=\"wp-image-2217 avia-img-lazy-loading-not-2217 attachment-portfolio_small size-portfolio_small wp-post-image\" alt=\"Amour de soi\" \/><small class='avia-copyright'>amour de soi<\/small><\/a><div class='slide-content'><header class=\"entry-content-header\"><span class=\"blog-categories minor-meta\"><a href=\"https:\/\/joieinterieure.com\/index.php\/category\/spiritualite\/\" rel=\"tag\">Spiritualit\u00e9<\/a> <\/span><h3 class='slide-entry-title entry-title '  itemprop=\"headline\" ><a href='https:\/\/joieinterieure.com\/index.php\/2020\/01\/09\/devenir-responsable-de-soi\/' title='Devenir responsable de soi'>Devenir responsable de soi<\/a><\/h3><span class=\"av-vertical-delimiter\"><\/span><\/header><div class='slide-entry-excerpt entry-content'  itemprop=\"text\" >Devenir responsable de soi est le plus beau cadeau que l\u2019on peut offrir \u00e0 la plan\u00e8te, au monde et \u00e0 nous-m\u00eame. Si nous ne sommes pas en paix \u00e0 l\u2019int\u00e9rieur nos interventions ext\u00e9rieures ne seront pas g\u00e9n\u00e9ratrices de notre volont\u00e9 originelle.<\/div><\/div><footer class=\"entry-footer\"><div class='slide-meta'><div class='slide-meta-comments'><a href='https:\/\/joieinterieure.com\/index.php\/2020\/01\/09\/devenir-responsable-de-soi\/#respond'>0 Commentaires<\/a><\/div><div class='slide-meta-del'>\/<\/div><time class='slide-meta-time updated'  itemprop=\"datePublished\" datetime=\"2020-01-09T17:38:02+01:00\" >9 janvier 2020<\/time><\/div><\/footer><span class='hidden'>\n\t\t\t\t<span class='av-structured-data'  itemprop=\"image\" itemscope=\"itemscope\" itemtype=\"https:\/\/schema.org\/ImageObject\" >\n\t\t\t\t\t\t<span itemprop='url'>https:\/\/joieinterieure.com\/wp-content\/uploads\/2020\/01\/Sans-titre-3.png<\/span>\n\t\t\t\t\t\t<span itemprop='height'>1080<\/span>\n\t\t\t\t\t\t<span itemprop='width'>1080<\/span>\n\t\t\t\t<\/span>\n\t\t\t\t<span class='av-structured-data'  itemprop=\"publisher\" itemtype=\"https:\/\/schema.org\/Organization\" itemscope=\"itemscope\" >\n\t\t\t\t\t\t<span itemprop='name'>Am\u00e9lie<\/span>\n\t\t\t\t\t\t<span itemprop='logo' itemscope itemtype='https:\/\/schema.org\/ImageObject'>\n\t\t\t\t\t\t\t<span itemprop='url'>https:\/\/joieinterieure.com\/wp-content\/uploads\/2020\/07\/logo-ad-small.png<\/span>\n\t\t\t\t\t\t <\/span>\n\t\t\t\t<\/span><span class='av-structured-data'  itemprop=\"author\" itemscope=\"itemscope\" itemtype=\"https:\/\/schema.org\/Person\" ><span itemprop='name'>Am\u00e9lie<\/span><\/span><span class='av-structured-data'  itemprop=\"datePublished\" datetime=\"2019-11-06T16:20:06+01:00\" >2020-01-09 17:38:02<\/span><span class='av-structured-data'  itemprop=\"dateModified\" itemtype=\"https:\/\/schema.org\/dateModified\" >2020-01-13 16:15:55<\/span><span class='av-structured-data'  itemprop=\"mainEntityOfPage\" itemtype=\"https:\/\/schema.org\/mainEntityOfPage\" ><span itemprop='name'>Devenir responsable de soi<\/span><\/span><\/span><\/article><article class='slide-entry flex_column  post-entry post-entry-2177 slide-entry-overview slide-loop-4 slide-parity-even  av_one_fourth  real-thumbnail post-format-standard'  itemscope=\"itemscope\" itemtype=\"https:\/\/schema.org\/BlogPosting\" itemprop=\"blogPost\" ><a href='https:\/\/joieinterieure.com\/index.php\/2019\/11\/06\/la-trichotherapy-un-veritable-soin-energetique-a-travers-tes-cheveux\/' data-rel='slide-1' class='slide-image' title='La Trichotherapy, un v\u00e9ritable soin \u00e9nerg\u00e9tique \u00e0 travers tes cheveux'><img width=\"260\" height=\"185\" src=\"https:\/\/joieinterieure.com\/wp-content\/uploads\/2019\/11\/IMG_20191106_151647-260x185.jpg\" class=\"wp-image-2186 avia-img-lazy-loading-not-2186 attachment-portfolio_small size-portfolio_small wp-post-image\" alt=\"Am\u00e9lie DUCROCQ Energ\u00e9ticienne\" \/><\/a><div class='slide-content'><header class=\"entry-content-header\"><span class=\"blog-categories minor-meta\"><a href=\"https:\/\/joieinterieure.com\/index.php\/category\/spiritualite\/\" rel=\"tag\">Spiritualit\u00e9<\/a> <\/span><h3 class='slide-entry-title entry-title '  itemprop=\"headline\" ><a href='https:\/\/joieinterieure.com\/index.php\/2019\/11\/06\/la-trichotherapy-un-veritable-soin-energetique-a-travers-tes-cheveux\/' title='La Trichotherapy, un v\u00e9ritable soin \u00e9nerg\u00e9tique \u00e0 travers tes cheveux'>La Trichotherapy, un v\u00e9ritable soin \u00e9nerg\u00e9tique \u00e0 travers tes cheveux<\/a><\/h3><span class=\"av-vertical-delimiter\"><\/span><\/header><div class='slide-entry-excerpt entry-content'  itemprop=\"text\" >L\u2019id\u00e9e de me faire couper les cheveux au sabre ne m\u2019a pas tout de suite s\u00e9duite de prime \u00e0 bord. Mais lorsque j'ai su qu\u2019il s\u2019agissait bien plus qu\u2019une simple coupe de cheveux, cela m\u2019a bien sur s\u00e9duite rapidement. Un v\u00e9ritable soin de l'\u00e2me. <\/div><\/div><footer class=\"entry-footer\"><div class='slide-meta'><div class='slide-meta-comments'><a href='https:\/\/joieinterieure.com\/index.php\/2019\/11\/06\/la-trichotherapy-un-veritable-soin-energetique-a-travers-tes-cheveux\/#comments'>1 Commentaire<\/a><\/div><div class='slide-meta-del'>\/<\/div><time class='slide-meta-time updated'  itemprop=\"datePublished\" datetime=\"2019-11-06T16:20:06+01:00\" >6 novembre 2019<\/time><\/div><\/footer><span class='hidden'>\n\t\t\t\t<span class='av-structured-data'  itemprop=\"image\" itemscope=\"itemscope\" itemtype=\"https:\/\/schema.org\/ImageObject\" >\n\t\t\t\t\t\t<span itemprop='url'>https:\/\/joieinterieure.com\/wp-content\/uploads\/2019\/11\/IMG_20191106_151647.jpg<\/span>\n\t\t\t\t\t\t<span itemprop='height'>5632<\/span>\n\t\t\t\t\t\t<span itemprop='width'>4224<\/span>\n\t\t\t\t<\/span>\n\t\t\t\t<span class='av-structured-data'  itemprop=\"publisher\" itemtype=\"https:\/\/schema.org\/Organization\" itemscope=\"itemscope\" >\n\t\t\t\t\t\t<span itemprop='name'>Am\u00e9lie<\/span>\n\t\t\t\t\t\t<span itemprop='logo' itemscope itemtype='https:\/\/schema.org\/ImageObject'>\n\t\t\t\t\t\t\t<span itemprop='url'>https:\/\/joieinterieure.com\/wp-content\/uploads\/2020\/07\/logo-ad-small.png<\/span>\n\t\t\t\t\t\t <\/span>\n\t\t\t\t<\/span><span class='av-structured-data'  itemprop=\"author\" itemscope=\"itemscope\" itemtype=\"https:\/\/schema.org\/Person\" ><span itemprop='name'>Am\u00e9lie<\/span><\/span><span class='av-structured-data'  itemprop=\"datePublished\" datetime=\"2019-11-06T16:20:06+01:00\" >2019-11-06 16:20:06<\/span><span class='av-structured-data'  itemprop=\"dateModified\" itemtype=\"https:\/\/schema.org\/dateModified\" >2020-01-09 20:39:09<\/span><span class='av-structured-data'  itemprop=\"mainEntityOfPage\" itemtype=\"https:\/\/schema.org\/mainEntityOfPage\" ><span itemprop='name'>La Trichotherapy, un v\u00e9ritable soin \u00e9nerg\u00e9tique \u00e0 travers tes cheveux<\/span><\/span><\/span><\/article><\/div><div class='slide-entry-wrap'><article class='slide-entry flex_column  post-entry post-entry-2104 slide-entry-overview slide-loop-5 slide-parity-odd  av_one_fourth first real-thumbnail post-format-standard'  itemscope=\"itemscope\" itemtype=\"https:\/\/schema.org\/BlogPosting\" itemprop=\"blogPost\" ><a href='https:\/\/joieinterieure.com\/index.php\/2019\/07\/29\/eau-memoire-energies-subtils\/' data-rel='slide-1' class='slide-image' title='Le pouvoir de l&rsquo;eau?'><img width=\"260\" height=\"185\" src=\"https:\/\/joieinterieure.com\/wp-content\/uploads\/2019\/07\/johnny-brown-V-afy242gY4-unsplash-260x185.jpg\" class=\"wp-image-2119 avia-img-lazy-loading-not-2119 attachment-portfolio_small size-portfolio_small wp-post-image\" alt=\"la m\u00e9moire de l&#039;eau\" \/><\/a><div class='slide-content'><header class=\"entry-content-header\"><span class=\"blog-categories minor-meta\"><a href=\"https:\/\/joieinterieure.com\/index.php\/category\/spiritualite\/\" rel=\"tag\">Spiritualit\u00e9<\/a> <\/span><h3 class='slide-entry-title entry-title '  itemprop=\"headline\" ><a href='https:\/\/joieinterieure.com\/index.php\/2019\/07\/29\/eau-memoire-energies-subtils\/' title='Le pouvoir de l&rsquo;eau?'>Le pouvoir de l&rsquo;eau?<\/a><\/h3><span class=\"av-vertical-delimiter\"><\/span><\/header><div class='slide-entry-excerpt entry-content'  itemprop=\"text\" >L\u2019eau est une \u00e9nergie, elle est sensible aux \u00e9nergies subtiles. Elle sent et ressent les informations autour d\u2019elle. Elle porte en elle des informations.<\/div><\/div><footer class=\"entry-footer\"><div class='slide-meta'><div class='slide-meta-comments'><a href='https:\/\/joieinterieure.com\/index.php\/2019\/07\/29\/eau-memoire-energies-subtils\/#comments'>1 Commentaire<\/a><\/div><div class='slide-meta-del'>\/<\/div><time class='slide-meta-time updated'  itemprop=\"datePublished\" datetime=\"2019-07-29T12:40:24+02:00\" >29 juillet 2019<\/time><\/div><\/footer><span class='hidden'>\n\t\t\t\t<span class='av-structured-data'  itemprop=\"image\" itemscope=\"itemscope\" itemtype=\"https:\/\/schema.org\/ImageObject\" >\n\t\t\t\t\t\t<span itemprop='url'>https:\/\/joieinterieure.com\/wp-content\/uploads\/2019\/07\/johnny-brown-V-afy242gY4-unsplash.jpg<\/span>\n\t\t\t\t\t\t<span itemprop='height'>3790<\/span>\n\t\t\t\t\t\t<span itemprop='width'>5677<\/span>\n\t\t\t\t<\/span>\n\t\t\t\t<span class='av-structured-data'  itemprop=\"publisher\" itemtype=\"https:\/\/schema.org\/Organization\" itemscope=\"itemscope\" >\n\t\t\t\t\t\t<span itemprop='name'>Am\u00e9lie<\/span>\n\t\t\t\t\t\t<span itemprop='logo' itemscope itemtype='https:\/\/schema.org\/ImageObject'>\n\t\t\t\t\t\t\t<span itemprop='url'>https:\/\/joieinterieure.com\/wp-content\/uploads\/2020\/07\/logo-ad-small.png<\/span>\n\t\t\t\t\t\t <\/span>\n\t\t\t\t<\/span><span class='av-structured-data'  itemprop=\"author\" itemscope=\"itemscope\" itemtype=\"https:\/\/schema.org\/Person\" ><span itemprop='name'>Am\u00e9lie<\/span><\/span><span class='av-structured-data'  itemprop=\"datePublished\" datetime=\"2019-11-06T16:20:06+01:00\" >2019-07-29 12:40:24<\/span><span class='av-structured-data'  itemprop=\"dateModified\" itemtype=\"https:\/\/schema.org\/dateModified\" >2020-01-09 20:41:35<\/span><span class='av-structured-data'  itemprop=\"mainEntityOfPage\" itemtype=\"https:\/\/schema.org\/mainEntityOfPage\" ><span itemprop='name'>Le pouvoir de l&rsquo;eau?<\/span><\/span><\/span><\/article><article class='slide-entry flex_column  post-entry post-entry-1551 slide-entry-overview slide-loop-6 slide-parity-even  av_one_fourth  real-thumbnail post-format-standard'  itemscope=\"itemscope\" itemtype=\"https:\/\/schema.org\/BlogPosting\" itemprop=\"blogPost\" ><a href='https:\/\/joieinterieure.com\/index.php\/2019\/03\/14\/ancrage\/' data-rel='slide-1' class='slide-image' title='Pourquoi travailler son ancrage ?'><img width=\"260\" height=\"185\" src=\"https:\/\/joieinterieure.com\/wp-content\/uploads\/2019\/03\/IMG-20190724-WA0013-260x185.jpg\" class=\"wp-image-2061 avia-img-lazy-loading-not-2061 attachment-portfolio_small size-portfolio_small wp-post-image\" alt=\"\" \/><\/a><div class='slide-content'><header class=\"entry-content-header\"><span class=\"blog-categories minor-meta\"><a href=\"https:\/\/joieinterieure.com\/index.php\/category\/spiritualite\/\" rel=\"tag\">Spiritualit\u00e9<\/a> <\/span><h3 class='slide-entry-title entry-title '  itemprop=\"headline\" ><a href='https:\/\/joieinterieure.com\/index.php\/2019\/03\/14\/ancrage\/' title='Pourquoi travailler son ancrage ?'>Pourquoi travailler son ancrage ?<\/a><\/h3><span class=\"av-vertical-delimiter\"><\/span><\/header><div class='slide-entry-excerpt entry-content'  itemprop=\"text\" >L\u2019ancrage permet d\u2019\u00eatre pr\u00e9sent \u00e0 ce que l\u2019on fait, de profiter de chaque moment, de chaque instant de la vie mais aussi d\u2019\u00eatre plus solide pour avancer dans la vie.<\/div><\/div><footer class=\"entry-footer\"><div class='slide-meta'><div class='slide-meta-comments'><a href='https:\/\/joieinterieure.com\/index.php\/2019\/03\/14\/ancrage\/#respond'>0 Commentaires<\/a><\/div><div class='slide-meta-del'>\/<\/div><time class='slide-meta-time updated'  itemprop=\"datePublished\" datetime=\"2019-03-14T16:28:59+01:00\" >14 mars 2019<\/time><\/div><\/footer><span class='hidden'>\n\t\t\t\t<span class='av-structured-data'  itemprop=\"image\" itemscope=\"itemscope\" itemtype=\"https:\/\/schema.org\/ImageObject\" >\n\t\t\t\t\t\t<span itemprop='url'>https:\/\/joieinterieure.com\/wp-content\/uploads\/2019\/03\/IMG-20190724-WA0013.jpg<\/span>\n\t\t\t\t\t\t<span itemprop='height'>1129<\/span>\n\t\t\t\t\t\t<span itemprop='width'>765<\/span>\n\t\t\t\t<\/span>\n\t\t\t\t<span class='av-structured-data'  itemprop=\"publisher\" itemtype=\"https:\/\/schema.org\/Organization\" itemscope=\"itemscope\" >\n\t\t\t\t\t\t<span itemprop='name'>Am\u00e9lie<\/span>\n\t\t\t\t\t\t<span itemprop='logo' itemscope itemtype='https:\/\/schema.org\/ImageObject'>\n\t\t\t\t\t\t\t<span itemprop='url'>https:\/\/joieinterieure.com\/wp-content\/uploads\/2020\/07\/logo-ad-small.png<\/span>\n\t\t\t\t\t\t <\/span>\n\t\t\t\t<\/span><span class='av-structured-data'  itemprop=\"author\" itemscope=\"itemscope\" itemtype=\"https:\/\/schema.org\/Person\" ><span itemprop='name'>Am\u00e9lie<\/span><\/span><span class='av-structured-data'  itemprop=\"datePublished\" datetime=\"2019-11-06T16:20:06+01:00\" >2019-03-14 16:28:59<\/span><span class='av-structured-data'  itemprop=\"dateModified\" itemtype=\"https:\/\/schema.org\/dateModified\" >2019-07-25 14:00:37<\/span><span class='av-structured-data'  itemprop=\"mainEntityOfPage\" itemtype=\"https:\/\/schema.org\/mainEntityOfPage\" ><span itemprop='name'>Pourquoi travailler son ancrage ?<\/span><\/span><\/span><\/article><article class='slide-entry flex_column  post-entry post-entry-1449 slide-entry-overview slide-loop-7 slide-parity-odd  av_one_fourth  real-thumbnail post-format-standard'  itemscope=\"itemscope\" itemtype=\"https:\/\/schema.org\/BlogPosting\" itemprop=\"blogPost\" ><a href='https:\/\/joieinterieure.com\/index.php\/2019\/03\/02\/son-enfant-interieur\/' data-rel='slide-1' class='slide-image' title='Rencontrer son enfant int\u00e9rieur: Pourquoi donc ?'><img width=\"260\" height=\"185\" src=\"https:\/\/joieinterieure.com\/wp-content\/uploads\/2019\/03\/ben-white-128604-unsplash-260x185.jpg\" class=\"wp-image-1451 avia-img-lazy-loading-not-1451 attachment-portfolio_small size-portfolio_small wp-post-image\" alt=\"\" \/><\/a><div class='slide-content'><header class=\"entry-content-header\"><span class=\"blog-categories minor-meta\"><a href=\"https:\/\/joieinterieure.com\/index.php\/category\/spiritualite\/\" rel=\"tag\">Spiritualit\u00e9<\/a> <\/span><h3 class='slide-entry-title entry-title '  itemprop=\"headline\" ><a href='https:\/\/joieinterieure.com\/index.php\/2019\/03\/02\/son-enfant-interieur\/' title='Rencontrer son enfant int\u00e9rieur: Pourquoi donc ?'>Rencontrer son enfant int\u00e9rieur: Pourquoi donc ?<\/a><\/h3><span class=\"av-vertical-delimiter\"><\/span><\/header><div class='slide-entry-excerpt entry-content'  itemprop=\"text\" >Notre enfant int\u00e9rieur est un \u00eatre authentique, spontan\u00e9 et confiant. Il peut accueillir toutes les \u00e9motions sans ce juger. Sans juger en bien et en mal ces comportements.\n\nTravailler avec son enfant int\u00e9rieur est un outil de transformation personnel.<\/div><\/div><footer class=\"entry-footer\"><div class='slide-meta'><div class='slide-meta-comments'><a href='https:\/\/joieinterieure.com\/index.php\/2019\/03\/02\/son-enfant-interieur\/#comments'>3 Commentaires<\/a><\/div><div class='slide-meta-del'>\/<\/div><time class='slide-meta-time updated'  itemprop=\"datePublished\" datetime=\"2019-03-02T16:10:27+01:00\" >2 mars 2019<\/time><\/div><\/footer><span class='hidden'>\n\t\t\t\t<span class='av-structured-data'  itemprop=\"image\" itemscope=\"itemscope\" itemtype=\"https:\/\/schema.org\/ImageObject\" >\n\t\t\t\t\t\t<span itemprop='url'>https:\/\/joieinterieure.com\/wp-content\/uploads\/2019\/03\/ben-white-128604-unsplash.jpg<\/span>\n\t\t\t\t\t\t<span itemprop='height'>4016<\/span>\n\t\t\t\t\t\t<span itemprop='width'>6016<\/span>\n\t\t\t\t<\/span>\n\t\t\t\t<span class='av-structured-data'  itemprop=\"publisher\" itemtype=\"https:\/\/schema.org\/Organization\" itemscope=\"itemscope\" >\n\t\t\t\t\t\t<span itemprop='name'>Am\u00e9lie<\/span>\n\t\t\t\t\t\t<span itemprop='logo' itemscope itemtype='https:\/\/schema.org\/ImageObject'>\n\t\t\t\t\t\t\t<span itemprop='url'>https:\/\/joieinterieure.com\/wp-content\/uploads\/2020\/07\/logo-ad-small.png<\/span>\n\t\t\t\t\t\t <\/span>\n\t\t\t\t<\/span><span class='av-structured-data'  itemprop=\"author\" itemscope=\"itemscope\" itemtype=\"https:\/\/schema.org\/Person\" ><span itemprop='name'>Am\u00e9lie<\/span><\/span><span class='av-structured-data'  itemprop=\"datePublished\" datetime=\"2019-11-06T16:20:06+01:00\" >2019-03-02 16:10:27<\/span><span class='av-structured-data'  itemprop=\"dateModified\" itemtype=\"https:\/\/schema.org\/dateModified\" >2019-04-17 15:21:44<\/span><span class='av-structured-data'  itemprop=\"mainEntityOfPage\" itemtype=\"https:\/\/schema.org\/mainEntityOfPage\" ><span itemprop='name'>Rencontrer son enfant int\u00e9rieur: Pourquoi donc ?<\/span><\/span><\/span><\/article><article class='slide-entry flex_column  post-entry post-entry-1125 slide-entry-overview slide-loop-8 slide-parity-even  av_one_fourth  real-thumbnail post-format-standard'  itemscope=\"itemscope\" itemtype=\"https:\/\/schema.org\/BlogPosting\" itemprop=\"blogPost\" ><a href='https:\/\/joieinterieure.com\/index.php\/2019\/02\/11\/magnetiseur-savigny-sur-orge\/' data-rel='slide-1' class='slide-image' title='Une nouvelle exp\u00e9rience dans le magn\u00e9tisme: comment \u00e7a fonctionne ?'><img width=\"260\" height=\"185\" src=\"https:\/\/joieinterieure.com\/wp-content\/uploads\/2019\/02\/aaron-blanco-tejedor-270469-unsplash-260x185.jpg\" class=\"wp-image-1126 avia-img-lazy-loading-not-1126 attachment-portfolio_small size-portfolio_small wp-post-image\" alt=\"\" \/><small class='avia-copyright'>magn\u00e9tiseur <\/small><\/a><div class='slide-content'><header class=\"entry-content-header\"><span class=\"blog-categories minor-meta\"><a href=\"https:\/\/joieinterieure.com\/index.php\/category\/spiritualite\/\" rel=\"tag\">Spiritualit\u00e9<\/a> <\/span><h3 class='slide-entry-title entry-title '  itemprop=\"headline\" ><a href='https:\/\/joieinterieure.com\/index.php\/2019\/02\/11\/magnetiseur-savigny-sur-orge\/' title='Une nouvelle exp\u00e9rience dans le magn\u00e9tisme: comment \u00e7a fonctionne ?'>Une nouvelle exp\u00e9rience dans le magn\u00e9tisme: comment \u00e7a fonctionne ?<\/a><\/h3><span class=\"av-vertical-delimiter\"><\/span><\/header><div class='slide-entry-excerpt entry-content'  itemprop=\"text\" >Nous avons tous en nous du magn\u00e9tisme mais pour pouvoir apporter l\u2019aide \u00e0 la gu\u00e9rison il est n\u00e9cessaire de se trouver dans un \u00e9tat d\u2019esprit positif, car tout provient de l\u2019intention positive que l\u2019on partage avec la personne magn\u00e9tis\u00e9e. \n<\/div><\/div><footer class=\"entry-footer\"><div class='slide-meta'><div class='slide-meta-comments'><a href='https:\/\/joieinterieure.com\/index.php\/2019\/02\/11\/magnetiseur-savigny-sur-orge\/#respond'>0 Commentaires<\/a><\/div><div class='slide-meta-del'>\/<\/div><time class='slide-meta-time updated'  itemprop=\"datePublished\" datetime=\"2019-02-11T14:20:55+01:00\" >11 f\u00e9vrier 2019<\/time><\/div><\/footer><span class='hidden'>\n\t\t\t\t<span class='av-structured-data'  itemprop=\"image\" itemscope=\"itemscope\" itemtype=\"https:\/\/schema.org\/ImageObject\" >\n\t\t\t\t\t\t<span itemprop='url'>https:\/\/joieinterieure.com\/wp-content\/uploads\/2019\/02\/aaron-blanco-tejedor-270469-unsplash.jpg<\/span>\n\t\t\t\t\t\t<span itemprop='height'>3264<\/span>\n\t\t\t\t\t\t<span itemprop='width'>4928<\/span>\n\t\t\t\t<\/span>\n\t\t\t\t<span class='av-structured-data'  itemprop=\"publisher\" itemtype=\"https:\/\/schema.org\/Organization\" itemscope=\"itemscope\" >\n\t\t\t\t\t\t<span itemprop='name'>Am\u00e9lie<\/span>\n\t\t\t\t\t\t<span itemprop='logo' itemscope itemtype='https:\/\/schema.org\/ImageObject'>\n\t\t\t\t\t\t\t<span itemprop='url'>https:\/\/joieinterieure.com\/wp-content\/uploads\/2020\/07\/logo-ad-small.png<\/span>\n\t\t\t\t\t\t <\/span>\n\t\t\t\t<\/span><span class='av-structured-data'  itemprop=\"author\" itemscope=\"itemscope\" itemtype=\"https:\/\/schema.org\/Person\" ><span itemprop='name'>Am\u00e9lie<\/span><\/span><span class='av-structured-data'  itemprop=\"datePublished\" datetime=\"2019-11-06T16:20:06+01:00\" >2019-02-11 14:20:55<\/span><span class='av-structured-data'  itemprop=\"dateModified\" itemtype=\"https:\/\/schema.org\/dateModified\" >2019-04-17 15:23:19<\/span><span class='av-structured-data'  itemprop=\"mainEntityOfPage\" itemtype=\"https:\/\/schema.org\/mainEntityOfPage\" ><span itemprop='name'>Une nouvelle exp\u00e9rience dans le magn\u00e9tisme: comment \u00e7a fonctionne ?<\/span><\/span><\/span><\/article><\/div><div class='slide-entry-wrap'><article class='slide-entry flex_column  post-entry post-entry-68 slide-entry-overview slide-loop-9 slide-parity-odd  post-entry-last  av_one_fourth first real-thumbnail post-format-standard'  itemscope=\"itemscope\" itemtype=\"https:\/\/schema.org\/BlogPosting\" itemprop=\"blogPost\" ><a href='https:\/\/joieinterieure.com\/index.php\/2018\/12\/05\/energeticienne-savigny-sur-orge\/' data-rel='slide-1' class='slide-image' title='Les chakras , l&rsquo;aura, les m\u00e9ridiens : kesaco??'><img width=\"260\" height=\"185\" src=\"https:\/\/joieinterieure.com\/wp-content\/uploads\/2014\/08\/sharon-mccutcheon-663633-unsplash-1-260x185.jpg\" class=\"wp-image-1106 avia-img-lazy-loading-not-1106 attachment-portfolio_small size-portfolio_small wp-post-image\" alt=\"\" \/><\/a><div class='slide-content'><header class=\"entry-content-header\"><span class=\"blog-categories minor-meta\"><a href=\"https:\/\/joieinterieure.com\/index.php\/category\/spiritualite\/\" rel=\"tag\">Spiritualit\u00e9<\/a> <\/span><h3 class='slide-entry-title entry-title '  itemprop=\"headline\" ><a href='https:\/\/joieinterieure.com\/index.php\/2018\/12\/05\/energeticienne-savigny-sur-orge\/' title='Les chakras , l&rsquo;aura, les m\u00e9ridiens : kesaco??'>Les chakras , l&rsquo;aura, les m\u00e9ridiens : kesaco??<\/a><\/h3><span class=\"av-vertical-delimiter\"><\/span><\/header><div class='slide-entry-excerpt entry-content'  itemprop=\"text\" >Le syst\u00e8me \u00e9nerg\u00e9tique est l\u2019activit\u00e9 du corps humain, sans celui-ci, il ne peut y avoir de vie.\n\nNotre corps \u00e9nerg\u00e9tique est compos\u00e9 d\u2019une multitudes d\u2019\u00e9l\u00e9ments qui lui permette de bien fonctionner. Nous allons nous int\u00e9resser ici \u00e0 notre aura, nos chakras et aux nadis afin d\u2019y voir un peu plus clair.<\/div><\/div><footer class=\"entry-footer\"><div class='slide-meta'><div class='slide-meta-comments'><a href='https:\/\/joieinterieure.com\/index.php\/2018\/12\/05\/energeticienne-savigny-sur-orge\/#respond'>0 Commentaires<\/a><\/div><div class='slide-meta-del'>\/<\/div><time class='slide-meta-time updated'  itemprop=\"datePublished\" datetime=\"2018-12-05T18:56:26+01:00\" >5 d\u00e9cembre 2018<\/time><\/div><\/footer><span class='hidden'>\n\t\t\t\t<span class='av-structured-data'  itemprop=\"image\" itemscope=\"itemscope\" itemtype=\"https:\/\/schema.org\/ImageObject\" >\n\t\t\t\t\t\t<span itemprop='url'>https:\/\/joieinterieure.com\/wp-content\/uploads\/2014\/08\/sharon-mccutcheon-663633-unsplash-1.jpg<\/span>\n\t\t\t\t\t\t<span itemprop='height'>3744<\/span>\n\t\t\t\t\t\t<span itemprop='width'>5616<\/span>\n\t\t\t\t<\/span>\n\t\t\t\t<span class='av-structured-data'  itemprop=\"publisher\" itemtype=\"https:\/\/schema.org\/Organization\" itemscope=\"itemscope\" >\n\t\t\t\t\t\t<span itemprop='name'>Am\u00e9lie<\/span>\n\t\t\t\t\t\t<span itemprop='logo' itemscope itemtype='https:\/\/schema.org\/ImageObject'>\n\t\t\t\t\t\t\t<span itemprop='url'>https:\/\/joieinterieure.com\/wp-content\/uploads\/2020\/07\/logo-ad-small.png<\/span>\n\t\t\t\t\t\t <\/span>\n\t\t\t\t<\/span><span class='av-structured-data'  itemprop=\"author\" itemscope=\"itemscope\" itemtype=\"https:\/\/schema.org\/Person\" ><span itemprop='name'>Am\u00e9lie<\/span><\/span><span class='av-structured-data'  itemprop=\"datePublished\" datetime=\"2019-11-06T16:20:06+01:00\" >2018-12-05 18:56:26<\/span><span class='av-structured-data'  itemprop=\"dateModified\" itemtype=\"https:\/\/schema.org\/dateModified\" >2019-04-17 15:24:09<\/span><span class='av-structured-data'  itemprop=\"mainEntityOfPage\" itemtype=\"https:\/\/schema.org\/mainEntityOfPage\" ><span itemprop='name'>Les chakras , l&rsquo;aura, les m\u00e9ridiens : kesaco??<\/span><\/span><\/span><\/article><\/div><\/div><div class='avia-slideshow-arrows avia-slideshow-controls' ><a href='#prev' class='prev-slide ' aria-hidden='true' data-av_icon='\ue87c' data-av_iconfont='entypo-fontello' aria-hidden='true' tabindex='-1'>Pr\u00e9c\u00e9dent<\/a><a href='#next' class='next-slide ' aria-hidden='true' data-av_icon='\ue87d' data-av_iconfont='entypo-fontello' aria-hidden='true' tabindex='-1'>Suivant<\/a><\/div><\/div>\n<div  class='hr av-2viomp-c10911ac3cea14a3f5c6d3f2a0d5bcc1 hr-default  avia-builder-el-39  el_after_av_postslider  avia-builder-el-last  '><span class='hr-inner '><span class=\"hr-inner-style\"><\/span><\/span><\/div>\n","protected":false},"excerpt":{"rendered":"<p>L\u2019id\u00e9e de me faire couper les cheveux au sabre ne m\u2019a pas tout de suite s\u00e9duite de prime \u00e0 bord. Mais lorsque j&rsquo;ai su qu\u2019il s\u2019agissait bien plus qu\u2019une simple coupe de cheveux, cela m\u2019a bien sur s\u00e9duite rapidement. Un v\u00e9ritable soin de l&rsquo;\u00e2me. <\/p>\n","protected":false},"author":1,"featured_media":2186,"comment_status":"open","ping_status":"open","sticky":false,"template":"","format":"standard","meta":{"_mi_skip_tracking":false},"categories":[14],"tags":[],"yoast_head":"<!-- This site is optimized with the Yoast SEO plugin v19.7.1 - https:\/\/yoast.com\/wordpress\/plugins\/seo\/ -->\n<title>La Trichotherapy, un v\u00e9ritable soin \u00e9nerg\u00e9tique \u00e0 travers tes cheveux - Joie Int\u00e9rieure<\/title>\n<meta name=\"description\" content=\"L\u2019id\u00e9e de me faire couper les cheveux au sabre ne m\u2019a pas tout de suite s\u00e9duite de prime \u00e0 bord. Mais lorsque j&#039;ai su qu\u2019il s\u2019agissait bien plus qu\u2019une simple coupe de cheveux, cela m\u2019a bien sur s\u00e9duite rapidement. Un v\u00e9ritable soin de l&#039;\u00e2me.\" \/>\n<meta name=\"robots\" content=\"index, follow, max-snippet:-1, max-image-preview:large, max-video-preview:-1\" \/>\n<link rel=\"canonical\" href=\"https:\/\/joieinterieure.com\/index.php\/2019\/11\/06\/la-trichotherapy-un-veritable-soin-energetique-a-travers-tes-cheveux\/\" \/>\n<meta property=\"og:locale\" content=\"fr_FR\" \/>\n<meta property=\"og:type\" content=\"article\" \/>\n<meta property=\"og:title\" content=\"La trichoth\u00e9rapie, bien plus qu&#039;une simple coupe de cheveux !\" \/>\n<meta property=\"og:description\" content=\"L\u2019id\u00e9e de me faire couper les cheveux au sabre ne m\u2019a pas tout de suite s\u00e9duite de prime \u00e0 bord. Mais lorsque j&#039;ai su qu\u2019il s\u2019agissait bien plus qu\u2019une simple coupe de cheveux, cela m\u2019a bien sur s\u00e9duite rapidement. Un v\u00e9ritable soin de l&#039;\u00e2me.\" \/>\n<meta property=\"og:url\" content=\"https:\/\/joieinterieure.com\/index.php\/2019\/11\/06\/la-trichotherapy-un-veritable-soin-energetique-a-travers-tes-cheveux\/\" \/>\n<meta property=\"og:site_name\" content=\"Joie Int\u00e9rieure\" \/>\n<meta property=\"article:published_time\" content=\"2019-11-06T15:20:06+00:00\" \/>\n<meta property=\"article:modified_time\" content=\"2020-01-09T19:39:09+00:00\" \/>\n<meta property=\"og:image\" content=\"https:\/\/joieinterieure.com\/wp-content\/uploads\/2019\/11\/IMG_20191106_151647-773x1030.jpg\" \/>\n\t<meta property=\"og:image:width\" content=\"773\" \/>\n\t<meta property=\"og:image:height\" content=\"1030\" \/>\n\t<meta property=\"og:image:type\" content=\"image\/jpeg\" \/>\n<meta name=\"author\" content=\"Am\u00e9lie\" \/>\n<meta name=\"twitter:card\" content=\"summary_large_image\" \/>\n<meta name=\"twitter:label1\" content=\"\u00c9crit par\" \/>\n\t<meta name=\"twitter:data1\" content=\"Am\u00e9lie\" \/>\n\t<meta name=\"twitter:label2\" content=\"Dur\u00e9e de lecture estim\u00e9e\" \/>\n\t<meta name=\"twitter:data2\" content=\"20 minutes\" \/>\n<script type=\"application\/ld+json\" class=\"yoast-schema-graph\">{\"@context\":\"https:\/\/schema.org\",\"@graph\":[{\"@type\":\"WebPage\",\"@id\":\"https:\/\/joieinterieure.com\/index.php\/2019\/11\/06\/la-trichotherapy-un-veritable-soin-energetique-a-travers-tes-cheveux\/\",\"url\":\"https:\/\/joieinterieure.com\/index.php\/2019\/11\/06\/la-trichotherapy-un-veritable-soin-energetique-a-travers-tes-cheveux\/\",\"name\":\"La Trichotherapy, un v\u00e9ritable soin \u00e9nerg\u00e9tique \u00e0 travers tes cheveux - Joie Int\u00e9rieure\",\"isPartOf\":{\"@id\":\"https:\/\/joieinterieure.com\/#website\"},\"datePublished\":\"2019-11-06T15:20:06+00:00\",\"dateModified\":\"2020-01-09T19:39:09+00:00\",\"author\":{\"@id\":\"https:\/\/joieinterieure.com\/#\/schema\/person\/55320669fb1cf2f68be5dfc41563f376\"},\"description\":\"L\u2019id\u00e9e de me faire couper les cheveux au sabre ne m\u2019a pas tout de suite s\u00e9duite de prime \u00e0 bord. Mais lorsque j'ai su qu\u2019il s\u2019agissait bien plus qu\u2019une simple coupe de cheveux, cela m\u2019a bien sur s\u00e9duite rapidement. Un v\u00e9ritable soin de l'\u00e2me.\",\"breadcrumb\":{\"@id\":\"https:\/\/joieinterieure.com\/index.php\/2019\/11\/06\/la-trichotherapy-un-veritable-soin-energetique-a-travers-tes-cheveux\/#breadcrumb\"},\"inLanguage\":\"fr-FR\",\"potentialAction\":[{\"@type\":\"ReadAction\",\"target\":[\"https:\/\/joieinterieure.com\/index.php\/2019\/11\/06\/la-trichotherapy-un-veritable-soin-energetique-a-travers-tes-cheveux\/\"]}]},{\"@type\":\"BreadcrumbList\",\"@id\":\"https:\/\/joieinterieure.com\/index.php\/2019\/11\/06\/la-trichotherapy-un-veritable-soin-energetique-a-travers-tes-cheveux\/#breadcrumb\",\"itemListElement\":[{\"@type\":\"ListItem\",\"position\":1,\"name\":\"Accueil\",\"item\":\"https:\/\/joieinterieure.com\/index.php\/acceuil-2020\/\"},{\"@type\":\"ListItem\",\"position\":2,\"name\":\"La Trichotherapy, un v\u00e9ritable soin \u00e9nerg\u00e9tique \u00e0 travers tes cheveux\"}]},{\"@type\":\"WebSite\",\"@id\":\"https:\/\/joieinterieure.com\/#website\",\"url\":\"https:\/\/joieinterieure.com\/\",\"name\":\"Joie Int\u00e9rieure\",\"description\":\"Am\u00e9lie Ducrocq\",\"potentialAction\":[{\"@type\":\"SearchAction\",\"target\":{\"@type\":\"EntryPoint\",\"urlTemplate\":\"https:\/\/joieinterieure.com\/?s={search_term_string}\"},\"query-input\":\"required name=search_term_string\"}],\"inLanguage\":\"fr-FR\"},{\"@type\":\"Person\",\"@id\":\"https:\/\/joieinterieure.com\/#\/schema\/person\/55320669fb1cf2f68be5dfc41563f376\",\"name\":\"Am\u00e9lie\",\"image\":{\"@type\":\"ImageObject\",\"inLanguage\":\"fr-FR\",\"@id\":\"https:\/\/joieinterieure.com\/#\/schema\/person\/image\/\",\"url\":\"https:\/\/secure.gravatar.com\/avatar\/741c67c54f2bcc0050f52da67dbe125a?s=96&d=mm&r=g\",\"contentUrl\":\"https:\/\/secure.gravatar.com\/avatar\/741c67c54f2bcc0050f52da67dbe125a?s=96&d=mm&r=g\",\"caption\":\"Am\u00e9lie\"},\"sameAs\":[\"https:\/\/joieinterieure.com\/\"],\"url\":\"https:\/\/joieinterieure.com\/index.php\/author\/admin6862\/\"}]}<\/script>\n<!-- \/ Yoast SEO plugin. -->","yoast_head_json":{"title":"La Trichotherapy, un v\u00e9ritable soin \u00e9nerg\u00e9tique \u00e0 travers tes cheveux - Joie Int\u00e9rieure","description":"L\u2019id\u00e9e de me faire couper les cheveux au sabre ne m\u2019a pas tout de suite s\u00e9duite de prime \u00e0 bord. Mais lorsque j'ai su qu\u2019il s\u2019agissait bien plus qu\u2019une simple coupe de cheveux, cela m\u2019a bien sur s\u00e9duite rapidement. Un v\u00e9ritable soin de l'\u00e2me.","robots":{"index":"index","follow":"follow","max-snippet":"max-snippet:-1","max-image-preview":"max-image-preview:large","max-video-preview":"max-video-preview:-1"},"canonical":"https:\/\/joieinterieure.com\/index.php\/2019\/11\/06\/la-trichotherapy-un-veritable-soin-energetique-a-travers-tes-cheveux\/","og_locale":"fr_FR","og_type":"article","og_title":"La trichoth\u00e9rapie, bien plus qu'une simple coupe de cheveux !","og_description":"L\u2019id\u00e9e de me faire couper les cheveux au sabre ne m\u2019a pas tout de suite s\u00e9duite de prime \u00e0 bord. Mais lorsque j'ai su qu\u2019il s\u2019agissait bien plus qu\u2019une simple coupe de cheveux, cela m\u2019a bien sur s\u00e9duite rapidement. Un v\u00e9ritable soin de l'\u00e2me.","og_url":"https:\/\/joieinterieure.com\/index.php\/2019\/11\/06\/la-trichotherapy-un-veritable-soin-energetique-a-travers-tes-cheveux\/","og_site_name":"Joie Int\u00e9rieure","article_published_time":"2019-11-06T15:20:06+00:00","article_modified_time":"2020-01-09T19:39:09+00:00","og_image":[{"width":773,"height":1030,"url":"https:\/\/joieinterieure.com\/wp-content\/uploads\/2019\/11\/IMG_20191106_151647-773x1030.jpg","type":"image\/jpeg"}],"author":"Am\u00e9lie","twitter_card":"summary_large_image","twitter_misc":{"\u00c9crit par":"Am\u00e9lie","Dur\u00e9e de lecture estim\u00e9e":"20 minutes"},"schema":{"@context":"https:\/\/schema.org","@graph":[{"@type":"WebPage","@id":"https:\/\/joieinterieure.com\/index.php\/2019\/11\/06\/la-trichotherapy-un-veritable-soin-energetique-a-travers-tes-cheveux\/","url":"https:\/\/joieinterieure.com\/index.php\/2019\/11\/06\/la-trichotherapy-un-veritable-soin-energetique-a-travers-tes-cheveux\/","name":"La Trichotherapy, un v\u00e9ritable soin \u00e9nerg\u00e9tique \u00e0 travers tes cheveux - Joie Int\u00e9rieure","isPartOf":{"@id":"https:\/\/joieinterieure.com\/#website"},"datePublished":"2019-11-06T15:20:06+00:00","dateModified":"2020-01-09T19:39:09+00:00","author":{"@id":"https:\/\/joieinterieure.com\/#\/schema\/person\/55320669fb1cf2f68be5dfc41563f376"},"description":"L\u2019id\u00e9e de me faire couper les cheveux au sabre ne m\u2019a pas tout de suite s\u00e9duite de prime \u00e0 bord. Mais lorsque j'ai su qu\u2019il s\u2019agissait bien plus qu\u2019une simple coupe de cheveux, cela m\u2019a bien sur s\u00e9duite rapidement. Un v\u00e9ritable soin de l'\u00e2me.","breadcrumb":{"@id":"https:\/\/joieinterieure.com\/index.php\/2019\/11\/06\/la-trichotherapy-un-veritable-soin-energetique-a-travers-tes-cheveux\/#breadcrumb"},"inLanguage":"fr-FR","potentialAction":[{"@type":"ReadAction","target":["https:\/\/joieinterieure.com\/index.php\/2019\/11\/06\/la-trichotherapy-un-veritable-soin-energetique-a-travers-tes-cheveux\/"]}]},{"@type":"BreadcrumbList","@id":"https:\/\/joieinterieure.com\/index.php\/2019\/11\/06\/la-trichotherapy-un-veritable-soin-energetique-a-travers-tes-cheveux\/#breadcrumb","itemListElement":[{"@type":"ListItem","position":1,"name":"Accueil","item":"https:\/\/joieinterieure.com\/index.php\/acceuil-2020\/"},{"@type":"ListItem","position":2,"name":"La Trichotherapy, un v\u00e9ritable soin \u00e9nerg\u00e9tique \u00e0 travers tes cheveux"}]},{"@type":"WebSite","@id":"https:\/\/joieinterieure.com\/#website","url":"https:\/\/joieinterieure.com\/","name":"Joie Int\u00e9rieure","description":"Am\u00e9lie Ducrocq","potentialAction":[{"@type":"SearchAction","target":{"@type":"EntryPoint","urlTemplate":"https:\/\/joieinterieure.com\/?s={search_term_string}"},"query-input":"required name=search_term_string"}],"inLanguage":"fr-FR"},{"@type":"Person","@id":"https:\/\/joieinterieure.com\/#\/schema\/person\/55320669fb1cf2f68be5dfc41563f376","name":"Am\u00e9lie","image":{"@type":"ImageObject","inLanguage":"fr-FR","@id":"https:\/\/joieinterieure.com\/#\/schema\/person\/image\/","url":"https:\/\/secure.gravatar.com\/avatar\/741c67c54f2bcc0050f52da67dbe125a?s=96&d=mm&r=g","contentUrl":"https:\/\/secure.gravatar.com\/avatar\/741c67c54f2bcc0050f52da67dbe125a?s=96&d=mm&r=g","caption":"Am\u00e9lie"},"sameAs":["https:\/\/joieinterieure.com\/"],"url":"https:\/\/joieinterieure.com\/index.php\/author\/admin6862\/"}]}},"_links":{"self":[{"href":"https:\/\/joieinterieure.com\/index.php\/wp-json\/wp\/v2\/posts\/2177"}],"collection":[{"href":"https:\/\/joieinterieure.com\/index.php\/wp-json\/wp\/v2\/posts"}],"about":[{"href":"https:\/\/joieinterieure.com\/index.php\/wp-json\/wp\/v2\/types\/post"}],"author":[{"embeddable":true,"href":"https:\/\/joieinterieure.com\/index.php\/wp-json\/wp\/v2\/users\/1"}],"replies":[{"embeddable":true,"href":"https:\/\/joieinterieure.com\/index.php\/wp-json\/wp\/v2\/comments?post=2177"}],"version-history":[{"count":15,"href":"https:\/\/joieinterieure.com\/index.php\/wp-json\/wp\/v2\/posts\/2177\/revisions"}],"predecessor-version":[{"id":2233,"href":"https:\/\/joieinterieure.com\/index.php\/wp-json\/wp\/v2\/posts\/2177\/revisions\/2233"}],"wp:featuredmedia":[{"embeddable":true,"href":"https:\/\/joieinterieure.com\/index.php\/wp-json\/wp\/v2\/media\/2186"}],"wp:attachment":[{"href":"https:\/\/joieinterieure.com\/index.php\/wp-json\/wp\/v2\/media?parent=2177"}],"wp:term":[{"taxonomy":"category","embeddable":true,"href":"https:\/\/joieinterieure.com\/index.php\/wp-json\/wp\/v2\/categories?post=2177"},{"taxonomy":"post_tag","embeddable":true,"href":"https:\/\/joieinterieure.com\/index.php\/wp-json\/wp\/v2\/tags?post=2177"}],"curies":[{"name":"wp","href":"https:\/\/api.w.org\/{rel}","templated":true}]}}